{"id":25556,"date":"2021-04-05T07:25:42","date_gmt":"2021-04-05T12:25:42","guid":{"rendered":"http:\/\/www.zonaroja.com.mx\/?p=25556"},"modified":"2021-04-05T08:11:33","modified_gmt":"2021-04-05T13:11:33","slug":"marquez-heine-otro-que-renuncia-a-los-servicios-de-salud","status":"publish","type":"post","link":"https:\/\/zonaroja.com.mx\/?p=25556","title":{"rendered":"Opini\u00f3n. M\u00e1rquez Heine, \u00bfotro que renuncia a los Servicios de Salud?"},"content":{"rendered":"\n<p>Ismael Garc\u00eda M.\/Zona Roja.<\/p>\n\n\n\n<p>Oaxaca de Ju\u00e1rez, Oax., 5 de abril de 2021.- En poco m\u00e1s de cuatro a\u00f1os, suman cinco titulares en los Servicios de Salud de Oaxaca, quienes poco o nada han hecho para resolver la cauda de problemas, ahora multiplicados por la pandemia del Covid-19.<\/p>\n\n\n\n<p>Pero podr\u00eda haber un sexto: el actual, Juan Carlos M\u00e1rquez Heine, apenas lleva dos meses y medio en el cargo y ya est\u00e1 agobiado, hastiado, acosado y ocupado m\u00e1s en atender las m\u00faltiples demandas de presuntos actos de corrupci\u00f3n, entre ellas la de la Auditor\u00eda Superior de la Federaci\u00f3n.<\/p>\n\n\n\n<p>Los oaxaque\u00f1os Gabriela Vel\u00e1squez, Celestino Alonso \u00c1lvarez, Juan D\u00edaz Pimentel &#8211;que no dur\u00f3 ni un mes&#8211; y Donato Casas Escamilla, adem\u00e1s de M\u00e1rquez Heine, son las cabezas que ha tenido la dependencia, que anualmente recibe recursos presupuestales por el orden de los cinco mil millones de pesos.<\/p>\n\n\n\n<p>Pero el m\u00e1s gris es el originario del Estado de M\u00e9xico y ex titular del R\u00e9gimen Estatal de Protecci\u00f3n Social en Salud, conocido como Seguro Popular, quien desde hace un a\u00f1o fue designado subsecretario de Salud y desde el 19 de enero pasado es secretario; pr\u00e1cticamente vive escondido y angustiado, sin poder solucionar ni los propios conflictos administrativos internos.<\/p>\n\n\n\n<p>ESC\u00c1NDALOS CONTINUOS<\/p>\n\n\n\n<p>Desde su llegada como secretario de Salud y director general de los Servicios de Salud de Oaxaca, Juan Carlos M\u00e1rquez Heine se ha visto envuelto en se\u00f1alamientos que ponen en duda su desempe\u00f1o ante la dependencia m\u00e1s importante en materia de salud.<\/p>\n\n\n\n<p>Desde trabajadores, ex trabajadores, asociaciones civiles y hasta diputados de la 64 Legislatura de Oaxaca han pedido su renuncia.<\/p>\n\n\n\n<p>Luego de ser subsecretario de la dependencia, M\u00e1rquez Heine rindi\u00f3 protesta como titular el 19 de enero; desde ese momento comenz\u00f3 a sumar manifestaciones de rechazo a su cargo, que se han convertido en innumerables protestas.<\/p>\n\n\n\n<p>De los primeros se\u00f1alamientos se encuentra el que realiz\u00f3 el grupo \u201cOaxaque\u00f1os Contra la Corrupci\u00f3n\u201d, quien por medio de una investigaci\u00f3n exhibi\u00f3 que durante su paso en la Direcci\u00f3n del Seguro Popular realiz\u00f3 una serie de contrataciones con empresas \u201cfantasma\u201d.<\/p>\n\n\n\n<p>Tambi\u00e9n, fue este mismo organismo civil el que dio a conocer que el titular de los SSO no pag\u00f3 en el a\u00f1o 2019 m\u00e1s de 69 millones 200 mil pesos de un total superior a los 83 millones de pesos de ISR de la n\u00f3mina del R\u00e9gimen de Protecci\u00f3n Social en Salud del Estado de Oaxaca, conocido como Seguro Popular.<\/p>\n\n\n\n<p>Difundi\u00f3 adem\u00e1s sobre las observaciones que realiz\u00f3 la Auditor\u00eda Superior de la Federaci\u00f3n (ASF) cuando estuvo al frente del r\u00e9gimen Estatal de Protecci\u00f3n Social en la Salud del Estado de Oaxaca, con una afectaci\u00f3n a la Hacienda P\u00fablica Federal por un monto de 16 millones 81 mil 699.20 pesos.<\/p>\n\n\n\n<p>Este \u00faltimo caso deriv\u00f3 en que diputados de la 64 Legislatura de Oaxaca aprobaran un exhorto al gobernador Alejandro Murat para que destituya de su cargo a Juan Carlos M\u00e1rquez, y de esa forma atienda las observaciones del ASF.<\/p>\n\n\n\n<p>Pero previo a eso, el Congreso de Oaxaca tambi\u00e9n se inconform\u00f3 con la designaci\u00f3n de M\u00e1rquez Heine en el pre\u00e1mbulo de la comparecencia programada para los Servicios de Salud de Oaxaca, cuando a\u00fan estaba al frente Donato Casas Escamilla.<\/p>\n\n\n\n<p>Esa solicitud fue respaldada por el sindicato mayoritario de salud, la Secci\u00f3n 35 Sindicato Nacional de Trabajadores de la Secretaria de Salud (SNTSA).<\/p>\n\n\n\n<p>PROTESTAS DE SALUD<\/p>\n\n\n\n<p>Durante la comparecencia del nuevo titular de la Secretar\u00eda de Salud de Oaxaca, el 26 de enero, se registr\u00f3 la primera manifestaci\u00f3n por parte de los trabajadores de esta dependencia; ocurri\u00f3 a puerta del Congreso del Estado.<\/p>\n\n\n\n<p>Fueron los integrantes del Sindicato Independiente de Trabajadores de Salud (SITSS) quienes exigieron la recontrataci\u00f3n ex trabajadores del extinto Seguro Popular. Mismo sindicato que mantuvo por 24 d\u00edas de marzo un \u00abplant\u00f3n\u00bb frente a la Secretar\u00eda de Salud, en el Centro Hist\u00f3rico de la capital y en la colonia Reforma, por esta misma exigencia.<\/p>\n\n\n\n<p>En febrero continuaron las manifestaciones del personal de Salud por la exigencia de aplicaci\u00f3n de la vacuna contra el Covid-19.<\/p>\n\n\n\n<p>Integrantes de la Secci\u00f3n 35 del SNTSA de la regi\u00f3n del Istmo de Tehuantepec comenzaron con esta demanda y se declararon en asamblea permanente a partir del 18 de febrero.<\/p>\n\n\n\n<p>Ellos justificaron que, desde 22 de enero m\u00e9dicos, enfermeras y dem\u00e1s trabajadores le demand\u00f3 atenci\u00f3n al secretario de salud, y fueron ignorados.<\/p>\n\n\n\n<p>Por la desatenci\u00f3n, el personal m\u00e9dico y administrativo de la Jurisdicci\u00f3n Sanitaria n\u00famero 2 instal\u00f3 una serie de bloqueos carreteros en la regi\u00f3n del Istmo.<\/p>\n\n\n\n<p>D\u00edas despu\u00e9s, el gremio se uni\u00f3 a nivel estatal y realiz\u00f3 la \u201ctoma\u201d de oficinas tanto de los Servicios de Salud de Oaxaca como de la Secretar\u00eda de Bienestar. Por delante, la exigencia de la renuncia de M\u00e1rquez Heine.<\/p>\n\n\n\n<p>Por parte, los trabajadores del programa U013 \u201cAtenci\u00f3n a la salud y medicamentos gratuitos para la poblaci\u00f3n sin seguridad social laboral\u201d, tambi\u00e9n emprendieron protestas para exigir salarios ca\u00eddos y recontrataciones.<\/p>\n\n\n\n<p>Ello provoc\u00f3 una nueva llamada de atenci\u00f3n desde el Poder Legislativo, a iniciativa de la diputada Magaly L\u00f3pez Dom\u00ednguez.<\/p>\n\n\n\n<p>Se sumaron a las manifestaciones personal del equipo de Fortalecimiento a la Atenci\u00f3n M\u00e9dica (FAM) de las Caravanas Oaxaca por falta de pagos de sus quincenas y basificaciones, reclamos que tambi\u00e9n fueron dirigidos al presidente de M\u00e9xico, Andr\u00e9s Manuel L\u00f3pez Obrador.<\/p>\n\n\n\n<p>Los conflictos laborales continuaron por parte de los trabajadores del \u00e1rea de Vectores que con la \u201ctoma\u201d de oficinas de Administraci\u00f3n de los SSO exigieron la renuncia de Juan Carlos M\u00e1rquez, pues no los consider\u00f3 grupo prioritario en la aplicaci\u00f3n de la vacuna contra el Covid-19 a pesar de tambi\u00e9n encontrarse en alto riesgo de contagio ante su labor en las comunidades y casa por casa.<\/p>\n\n\n\n<p>Pero las inconformidades no quedaron en el personal, ya que autoridades municipales expresaron su rechazo a la gesti\u00f3n del secretario de Salud que no ha considerado las prioridades en las comunidades.<\/p>\n\n\n\n<p>HASTA VIOLENCIA<\/p>\n\n\n\n<p>La violencia por el caso de las vacunas contra el Covid tambi\u00e9n le toc\u00f3 a M\u00e1rquez Heine, por la nula coordinaci\u00f3n con el gobierno federal; el 10 y 11 de marzo, el edil de Santa Luc\u00eda del Camino y sus trabajadores quemaron llantas, \u00abtomaron\u00bb la sede de Bienestar e incluso intentaron retener a la delegada Nancy Ortiz.<\/p>\n\n\n\n<p>D\u00edas despu\u00e9s hicieron lo propio habitantes y autoridades auxiliares de Bajos de Chila de San Pedro Mixtepec, en la Costa, quienes irrumpieron de forma violenta en las oficinas de los Servicios de Salud de Oaxaca (SSO) en el Centro Hist\u00f3rico de la ciudad de Oaxaca, para exigir equipamiento para su unidad m\u00e9dica, lo cual fue una promesa.<\/p>\n\n\n\n<p>El acab\u00f3se fue el 31 de marzo, en que el ex subdirector de Administraci\u00f3n y Finanzas acudi\u00f3 a la sede central de los Servicios de Salud, con notario p\u00fablico, para dejar constancia que desde hace m\u00e1s de un mes pretende hacer la entrega-recepci\u00f3n de su cargo, pero que el titular de la dependencia, M\u00e1rquez Heine, nada m\u00e1s no tiene tiempo para ello.<\/p>\n\n\n\n<p>El 1 de abril amainaron un poco las protestas, al retirarse los integrantes del Sindicato Independiente, que este lunes tienen una mesa de trabajo con el Instituto de Salud para el Bienestar respecto a la recontrataci\u00f3n de personal, pero su dirigente Mar\u00eda del Carmen Noriega insiste en la renuncia del funcionario.<\/p>\n\n\n\n<p>Otro \u00abplant\u00f3n\u00bb sigue, el de la Secci\u00f3n 73 del Sindicato Nacional de Trabajadores de la Secretar\u00eda de Salud, que insisten en que muchos del sector salud no han sido vacunados.<\/p>\n\n\n\n<p>Hay fuentes que confirma que uno de los principales detractores de M\u00e1rquez Heine es su antecesor, Donato Casas, por berrinche tambi\u00e9n al no ser considerado candidato a alg\u00fan cargo de representaci\u00f3n popular; otras versiones se\u00f1alan al mismo equipo de Heine de pugnas por el multimillonario presupuesto; lo cierto es que la incompetencia del actual secretario de Salud es notoria y su cabeza pende de un hilo.<\/p>\n","protected":false},"excerpt":{"rendered":"<p>Ismael Garc\u00eda M.\/Zona Roja. Oaxaca de Ju\u00e1rez, Oax., 5 de abril de 2021.- En poco&hellip;<\/p>\n","protected":false},"author":2,"featured_media":7610,"comment_status":"closed","ping_status":"open","sticky":false,"template":"","format":"standard","meta":{"_lmt_disableupdate":"","_lmt_disable":"","_jetpack_memberships_contains_paid_content":false,"footnotes":""},"categories":[456,109,48],"tags":[1353],"class_list":["post-25556","post","type-post","status-publish","format-standard","has-post-thumbnail","hentry","category-columna","category-minuto-a-minuto","category-zona-critica","tag-opinion-zona-critica"],"jetpack_featured_media_url":"https:\/\/zonaroja.com.mx\/wp-content\/uploads\/2020\/01\/Opini\u00f3n-Zona-Cr\u00edtica.jpg","jetpack_sharing_enabled":true,"_links":{"self":[{"href":"https:\/\/zonaroja.com.mx\/index.php?rest_route=\/wp\/v2\/posts\/25556","targetHints":{"allow":["GET"]}}],"collection":[{"href":"https:\/\/zonaroja.com.mx\/index.php?rest_route=\/wp\/v2\/posts"}],"about":[{"href":"https:\/\/zonaroja.com.mx\/index.php?rest_route=\/wp\/v2\/types\/post"}],"author":[{"embeddable":true,"href":"https:\/\/zonaroja.com.mx\/index.php?rest_route=\/wp\/v2\/users\/2"}],"replies":[{"embeddable":true,"href":"https:\/\/zonaroja.com.mx\/index.php?rest_route=%2Fwp%2Fv2%2Fcomments&post=25556"}],"version-history":[{"count":2,"href":"https:\/\/zonaroja.com.mx\/index.php?rest_route=\/wp\/v2\/posts\/25556\/revisions"}],"predecessor-version":[{"id":25571,"href":"https:\/\/zonaroja.com.mx\/index.php?rest_route=\/wp\/v2\/posts\/25556\/revisions\/25571"}],"wp:featuredmedia":[{"embeddable":true,"href":"https:\/\/zonaroja.com.mx\/index.php?rest_route=\/wp\/v2\/media\/7610"}],"wp:attachment":[{"href":"https:\/\/zonaroja.com.mx\/index.php?rest_route=%2Fwp%2Fv2%2Fmedia&parent=25556"}],"wp:term":[{"taxonomy":"category","embeddable":true,"href":"https:\/\/zonaroja.com.mx\/index.php?rest_route=%2Fwp%2Fv2%2Fcategories&post=25556"},{"taxonomy":"post_tag","embeddable":true,"href":"https:\/\/zonaroja.com.mx\/index.php?rest_route=%2Fwp%2Fv2%2Ftags&post=25556"}],"curies":[{"name":"wp","href":"https:\/\/api.w.org\/{rel}","templated":true}]}}