{"id":25558,"date":"2021-04-04T21:51:35","date_gmt":"2021-04-05T02:51:35","guid":{"rendered":"http:\/\/www.zonaroja.com.mx\/?p=25558"},"modified":"2021-04-04T21:51:38","modified_gmt":"2021-04-05T02:51:38","slug":"dos-ataques-armados-en-oaxaca-dejan-un-muerto-y-tres-heridos","status":"publish","type":"post","link":"https:\/\/zonaroja.com.mx\/?p=25558","title":{"rendered":"Dos ataques armados en Oaxaca dejan un muerto y tres heridos"},"content":{"rendered":"\n<p>Redacci\u00f3n\/Zona Roja. Foto: Vivo Noticias<\/p>\n\n\n\n<p>Oaxaca de Ju\u00e1rez, Oax., 4 de abril de 2021.- Dos ataques armados se registraron este Domingo de Resurrecci\u00f3n en Oaxaca, que dejaron como saldo una persona fallecida y tres lesionadas, en las regiones Costa y Cuenca.<\/p>\n\n\n\n<p>En Santiago Pinotepa Nacional, dos personas del sexo masculino fueron atacadas a balazos alrededor de las 18:30 horas, en la calle Progreso casi esquina con 15 Poniente, del barrio Yutacu, donde continuamente suceden hechos violentos.<\/p>\n\n\n\n<p>De acuerdo con informes policiacos, ambas fueron trasladadas al hospital, donde perdi\u00f3 la vida un individuo identificado con las iniciales C. G. G., de 44 a\u00f1os de edad; la otra la reportan grave de salud.<\/p>\n\n\n\n<p>Personal de la Agencia Estatal de Investigaciones (AEI), dependiente de la Fiscal\u00eda General del Estado, arrib\u00f3 al lugar; hasta esta noche no hay personas detenidas.<\/p>\n\n\n\n<p>EN CUENCA<\/p>\n\n\n\n<p>Mientras tanto, en el tramo carretero San Felipe Jalapa de D\u00edaz-Progreso Ixcatl\u00e1n, una familia que viajaba a bordo de una camioneta, fue atacada a balazos, en las cercan\u00edas de la comunidad de Cerro Quemado, en la regi\u00f3n de la Cuenca.<\/p>\n\n\n\n<p>Como resultado de ello, de acuerdo con fuentes policiacas, fueron heridos David G. L., de 35 a\u00f1os de edad, y Mar\u00eda M. G., de 35 de la misma edad. La familia compuesta por seis miembros se dirig\u00eda a su lugar de origen, Huautla de Jim\u00e9nez, y hasta el momento se ignoran las causas del fallecimiento.<\/p>\n","protected":false},"excerpt":{"rendered":"<p>Redacci\u00f3n\/Zona Roja. Foto: Vivo Noticias Oaxaca de Ju\u00e1rez, Oax., 4 de abril de 2021.- Dos&hellip;<\/p>\n","protected":false},"author":2,"featured_media":25559,"comment_status":"closed","ping_status":"open","sticky":false,"template":"","format":"standard","meta":{"_lmt_disableupdate":"","_lmt_disable":"","_jetpack_memberships_contains_paid_content":false,"footnotes":""},"categories":[109,51],"tags":[651],"class_list":["post-25558","post","type-post","status-publish","format-standard","has-post-thumbnail","hentry","category-minuto-a-minuto","category-zona-roja","tag-santiago-pinotepa-nacional"],"jetpack_featured_media_url":"https:\/\/zonaroja.com.mx\/wp-content\/uploads\/2021\/04\/Ejecutado-Pinotepa.jpg","jetpack_sharing_enabled":true,"_links":{"self":[{"href":"https:\/\/zonaroja.com.mx\/index.php?rest_route=\/wp\/v2\/posts\/25558","targetHints":{"allow":["GET"]}}],"collection":[{"href":"https:\/\/zonaroja.com.mx\/index.php?rest_route=\/wp\/v2\/posts"}],"about":[{"href":"https:\/\/zonaroja.com.mx\/index.php?rest_route=\/wp\/v2\/types\/post"}],"author":[{"embeddable":true,"href":"https:\/\/zonaroja.com.mx\/index.php?rest_route=\/wp\/v2\/users\/2"}],"replies":[{"embeddable":true,"href":"https:\/\/zonaroja.com.mx\/index.php?rest_route=%2Fwp%2Fv2%2Fcomments&post=25558"}],"version-history":[{"count":1,"href":"https:\/\/zonaroja.com.mx\/index.php?rest_route=\/wp\/v2\/posts\/25558\/revisions"}],"predecessor-version":[{"id":25560,"href":"https:\/\/zonaroja.com.mx\/index.php?rest_route=\/wp\/v2\/posts\/25558\/revisions\/25560"}],"wp:featuredmedia":[{"embeddable":true,"href":"https:\/\/zonaroja.com.mx\/index.php?rest_route=\/wp\/v2\/media\/25559"}],"wp:attachment":[{"href":"https:\/\/zonaroja.com.mx\/index.php?rest_route=%2Fwp%2Fv2%2Fmedia&parent=25558"}],"wp:term":[{"taxonomy":"category","embeddable":true,"href":"https:\/\/zonaroja.com.mx\/index.php?rest_route=%2Fwp%2Fv2%2Fcategories&post=25558"},{"taxonomy":"post_tag","embeddable":true,"href":"https:\/\/zonaroja.com.mx\/index.php?rest_route=%2Fwp%2Fv2%2Ftags&post=25558"}],"curies":[{"name":"wp","href":"https:\/\/api.w.org\/{rel}","templated":true}]}}