{"id":25561,"date":"2021-04-05T09:54:10","date_gmt":"2021-04-05T14:54:10","guid":{"rendered":"http:\/\/www.zonaroja.com.mx\/?p=25561"},"modified":"2021-04-04T21:55:44","modified_gmt":"2021-04-05T02:55:44","slug":"en-redes-sociales-la-mitad-de-las-agresiones-a-defensoras-de-derechos-en-oaxaca","status":"publish","type":"post","link":"https:\/\/zonaroja.com.mx\/?p=25561","title":{"rendered":"En redes sociales, la mitad de las agresiones a defensoras de derechos en Oaxaca"},"content":{"rendered":"\n<p>Redacci\u00f3n\/Zona Roja.<\/p>\n\n\n\n<p>Oaxaca de Ju\u00e1rez, Oax., 5 de abril de 2021.- La mitad de los ataques cometidos contra mujeres defensoras de derechos humanos en el estado de Oaxaca durante 2020, se dieron en redes sociales, afirm\u00f3 Y\u00e9sica S\u00e1nchez Maya, integrante del equipo directivo de la asociaci\u00f3n civil feminista Consorcio para el Di\u00e1logo Parlamentario y la Equidad Oaxaca (Consorcio Oaxaca).<\/p>\n\n\n\n<p>Esto se ha observado especialmente a partir del confinamiento por la pandemia por Covid-19, dijo en el marco del 46 periodo de sesiones del Consejo de Derechos Humanos de la Organizaci\u00f3n de las Naciones Unidas (ONU), en el evento \u201cHacia la erradicaci\u00f3n de asesinatos y amenazas contra personas defensoras de derechos humanos en M\u00e9xico\u201d.<\/p>\n\n\n\n<p>S\u00e1nchez Maya es una de las impulsoras de la Red Nacional de Defensoras de Derechos Humanos en M\u00e9xico, con presencia en 27 estados del pa\u00eds, y de la Iniciativa Mesoamericana de Mujeres Defensoras de Derechos Humanos, que articula a dos mil mujeres defensoras de derechos humanos en cuatro pa\u00edses de la regi\u00f3n. Ambos proyectos trabajan para la protecci\u00f3n integral de las mujeres periodistas y defensoras de derechos humanos.<\/p>\n\n\n\n<p>La abogada feminista manifest\u00f3 su preocupaci\u00f3n por el aumento de las expresiones de odio, incitaciones a la violencia, difamaciones y amenazas digitales en Oaxaca, que incrementan el riesgo de que se materialicen agresiones f\u00edsicas o asesinatos, especialmente a las feministas y a las mujeres que defienden los derechos humanos de las mujeres.<\/p>\n\n\n\n<p>Ello fue expresado en el evento paralelo a las sesiones de Naciones Unidas, que reuni\u00f3 en l\u00ednea a la Relatora Especial de las Naciones Unidas sobre la situaci\u00f3n de las personas defensoras de derechos humanos, Mary Lawlor, con diversas organizaciones de la sociedad civil, este 11 de marzo, a convocatoria de 10 organizaciones, entre ellas Consorcio Oaxaca.<\/p>\n\n\n\n<p>En referencia al informe de Lawlor \u201c\u00daltima advertencia: los defensores de los derechos humanos, v\u00edctimas de amenazas de muerte y asesinatos\u201d, S\u00e1nchez Maya consider\u00f3 fundamental garantizar que se cumplan las recomendaciones dirigidas a las empresas de redes sociales, en el sentido de eliminar contenido amenazante hacia personas defensoras de derechos humanos y cerrar las cuentas de los agresores.<\/p>\n\n\n\n<p>Adem\u00e1s de lo previsto en el informe que la Relatora Especial present\u00f3 al Consejo de Derechos Humanos de Naciones Unidas, la defensora oaxaque\u00f1a destac\u00f3 tambi\u00e9n la necesidad de que las empresas de redes sociales entreguen todos los datos necesarios para fincar las responsabilidades por esas amenazas digitales.<\/p>\n\n\n\n<p>Dijo tambi\u00e9n coincidir en la preocupaci\u00f3n de Lawlor por el recrudecimiento de las amenazas contra mujeres defensoras de derechos humanos, frecuentemente basadas en el g\u00e9nero; detall\u00f3 que en Oaxaca su organizaci\u00f3n document\u00f3 que 12 por ciento de los ataques contra defensoras fueron amenazas, y que \u00e9stas se investigan a\u00fan menos que los asesinatos.<\/p>\n\n\n\n<p>\u201cEn el caso de Consorcio Oaxaca, por ejemplo, a pesar de haber interpuesto denuncia por la amenaza de feminicidio en los ataques de junio 2020, hasta la fecha no hemos sido notificadas de que la investigaci\u00f3n est\u00e9 radicada por parte de la Fiscal\u00eda General de la Rep\u00fablica\u201d, a\u00f1adi\u00f3.<\/p>\n\n\n\n<p>Tambi\u00e9n en relaci\u00f3n con el informe, S\u00e1nchez Maya celebr\u00f3 que \u00e9ste reconozca los riesgos espec\u00edficos que enfrentan las personas que defienden tierra y territorio y los derechos de los pueblos ind\u00edgenas, \u201cpues en Oaxaca registramos 21 asesinatos de personas defensoras entre 2017 y 2019\u201d y \u201cm\u00e1s de la mitad de ellos est\u00e1n en la impunidad total\u201d.<\/p>\n\n\n\n<p>Se\u00f1al\u00f3 la falta de protocolos diferenciados para investigar los casos de agresiones a personas defensoras de derechos humanos, como lo evidencia el hecho de que la Fiscal\u00eda General del Estado de Oaxaca \u00fanicamente registra el caso de un homicidio contra una persona defensora, en el periodo en el que Consorcio Oaxaca registr\u00f3 21 casos.<\/p>\n\n\n\n<p>\u201cEs entonces prioridad reconocer este riesgo especifico y garantizar la investigaci\u00f3n de los asesinatos de personas defensoras, pero tambi\u00e9n el castigo a los funcionarios que realicen investigaciones deficientes\u201d, expuso a la Relatora Especial. \u201cEn M\u00e9xico urge un Poder Judicial sensible, que reconozca que est\u00e1 manteniendo en estado de privaci\u00f3n de la libertad a defensores, y actuar en consecuencia para ordenar las liberaciones inmediatas, reconociendo que se trata de un asunto de criminalizaci\u00f3n a la labor de defensa, como son los casos de Fredy Garc\u00eda y Pablo L\u00f3pez Alavez\u201d, concluy\u00f3.<\/p>\n","protected":false},"excerpt":{"rendered":"<p>Redacci\u00f3n\/Zona Roja. Oaxaca de Ju\u00e1rez, Oax., 5 de abril de 2021.- La mitad de los&hellip;<\/p>\n","protected":false},"author":2,"featured_media":13766,"comment_status":"closed","ping_status":"open","sticky":false,"template":"","format":"standard","meta":{"_lmt_disableupdate":"","_lmt_disable":"","_jetpack_memberships_contains_paid_content":false,"footnotes":""},"categories":[109,47],"tags":[548],"class_list":["post-25561","post","type-post","status-publish","format-standard","has-post-thumbnail","hentry","category-minuto-a-minuto","category-zona-gris","tag-consorcio-oaxaca"],"jetpack_featured_media_url":"https:\/\/zonaroja.com.mx\/wp-content\/uploads\/2020\/06\/Cabeza-sede-Consorcio.jpg","jetpack_sharing_enabled":true,"_links":{"self":[{"href":"https:\/\/zonaroja.com.mx\/index.php?rest_route=\/wp\/v2\/posts\/25561","targetHints":{"allow":["GET"]}}],"collection":[{"href":"https:\/\/zonaroja.com.mx\/index.php?rest_route=\/wp\/v2\/posts"}],"about":[{"href":"https:\/\/zonaroja.com.mx\/index.php?rest_route=\/wp\/v2\/types\/post"}],"author":[{"embeddable":true,"href":"https:\/\/zonaroja.com.mx\/index.php?rest_route=\/wp\/v2\/users\/2"}],"replies":[{"embeddable":true,"href":"https:\/\/zonaroja.com.mx\/index.php?rest_route=%2Fwp%2Fv2%2Fcomments&post=25561"}],"version-history":[{"count":1,"href":"https:\/\/zonaroja.com.mx\/index.php?rest_route=\/wp\/v2\/posts\/25561\/revisions"}],"predecessor-version":[{"id":25562,"href":"https:\/\/zonaroja.com.mx\/index.php?rest_route=\/wp\/v2\/posts\/25561\/revisions\/25562"}],"wp:featuredmedia":[{"embeddable":true,"href":"https:\/\/zonaroja.com.mx\/index.php?rest_route=\/wp\/v2\/media\/13766"}],"wp:attachment":[{"href":"https:\/\/zonaroja.com.mx\/index.php?rest_route=%2Fwp%2Fv2%2Fmedia&parent=25561"}],"wp:term":[{"taxonomy":"category","embeddable":true,"href":"https:\/\/zonaroja.com.mx\/index.php?rest_route=%2Fwp%2Fv2%2Fcategories&post=25561"},{"taxonomy":"post_tag","embeddable":true,"href":"https:\/\/zonaroja.com.mx\/index.php?rest_route=%2Fwp%2Fv2%2Ftags&post=25561"}],"curies":[{"name":"wp","href":"https:\/\/api.w.org\/{rel}","templated":true}]}}