{"id":25567,"date":"2021-04-05T07:52:07","date_gmt":"2021-04-05T12:52:07","guid":{"rendered":"http:\/\/www.zonaroja.com.mx\/?p=25567"},"modified":"2021-04-05T07:52:11","modified_gmt":"2021-04-05T12:52:11","slug":"irrumpe-grupo-armado-campana-de-candidata-en-oaxaca-denuncian","status":"publish","type":"post","link":"https:\/\/zonaroja.com.mx\/?p=25567","title":{"rendered":"Irrumpe grupo armado campa\u00f1a de candidata en Oaxaca, denuncian"},"content":{"rendered":"\n<p>Ismael Garc\u00eda M.\/Zona Roja.<\/p>\n\n\n\n<p>Oaxaca de Ju\u00e1rez, Oax., 5 de abril de 2021.- \u201cMe da mucho gusto, por cuestiones de tiempo tenemos que cortar la transmisi\u00f3n, quiero pedirles que ustedes conf\u00eden en m\u00ed, a partir de ma\u00f1ana conocer\u00e1n las propuestas que tengo en los diferentes rubros. Muchas gracias y buenos d\u00edas para todos, hasta luego\u201d.<\/p>\n\n\n\n<p>Fueron las palabras de Karla Gabriela Jim\u00e9nez Carrasco, quien as\u00ed termin\u00f3 su intervenci\u00f3n en los primeros minutos de ayer domingo, en la agencia de Trinidad de Viguera de Oaxaca de Ju\u00e1rez, durante el inicio de su campa\u00f1a como candidata a diputada federal por el distrito VIII, por el Partido Fuerza por M\u00e9xico.<\/p>\n\n\n\n<p>Tras unos diez minutos de mitin, en que particip\u00f3 tambi\u00e9n la dirigente estatal del partido, Salom\u00e9 Mart\u00ednez Salazar, los asistentes salieron del lugar, sin aparente prisa.<\/p>\n\n\n\n<figure class=\"wp-block-embed-twitter wp-block-embed is-type-rich is-provider-twitter\"><div class=\"wp-block-embed__wrapper\">\n<div class=\"twitter-tweet\"><blockquote class=\"twitter-tweet\" data-lang=\"es\"><p lang=\"es\" dir=\"ltr\"><a href=\"https:\/\/twitter.com\/hashtag\/EleccionesOaxaca2021?src=hash&amp;ref_src=twsrc%5Etfw\">#EleccionesOaxaca2021<\/a><br>(1) Aunque en transmisiones, como la de Miguel \u00c1ngel Luna, de \u201cVinculando a Oaxaca\u201d, no se aprecian hechos violentos, la candidata a diputada federal de Fuerza por M\u00e9xico, <a href=\"https:\/\/twitter.com\/karlitacarrasco?ref_src=twsrc%5Etfw\">@karlitacarrasco<\/a>, denunci\u00f3 amenazas de un grupo armado, en Trinidad de Viguera. <a href=\"https:\/\/t.co\/NYxEPaP3uW\">pic.twitter.com\/NYxEPaP3uW<\/a><\/p>&mdash; Zona Roja Oaxaca (@Zona_Roja_Oax) <a href=\"https:\/\/twitter.com\/Zona_Roja_Oax\/status\/1378808205145485313?ref_src=twsrc%5Etfw\">4 de abril de 2021<\/a><\/blockquote><\/div>\n<\/div><\/figure>\n\n\n\n<p>Luego de ello, Jim\u00e9nez Carrasco denunci\u00f3 que un grupo armado, de 12 a 13 personas, intimid\u00f3 en dicho acto a su equipo de campa\u00f1a, por lo cual tuvieron que cortar el mitin y la transmisi\u00f3n.<\/p>\n\n\n\n<p>Despu\u00e9s del mediod\u00eda de ayer acudi\u00f3 a la Fiscal\u00eda General de la Rep\u00fablica en Oaxaca a presentar su denuncia y por la tarde detall\u00f3 los hechos en conferencia de prensa:<\/p>\n\n\n\n<p>\u201cHab\u00edamos preparado un evento, peque\u00f1o, muy representativo, con autoridades de los siete municipios que lo integran, y a al percatarnos, de que cuando arranc\u00f3 el evento, 12:03, 12:04 de hoy, empieza a correr mi equipo y pues me pongo un poco tensa porque no s\u00e9 precisamente lo que est\u00e1 pasando.<\/p>\n\n\n\n<p>\u201cDespu\u00e9s me vienen a comunicar que hay un grupo entre 12 y 13 personas afuera, que traen algunos armas, lo cual eso genera mayor tensi\u00f3n entre todos los que \u00edbamos a hacer uso de la palabra y en el cual nos piden que cortemos los discursos porque esta gente estaba pidiendo que se suspendiera inmediatamente el evento.<\/p>\n\n\n\n<figure class=\"wp-block-embed-twitter wp-block-embed is-type-rich is-provider-twitter\"><div class=\"wp-block-embed__wrapper\">\n<div class=\"twitter-tweet\"><blockquote class=\"twitter-tweet\" data-lang=\"es\"><p lang=\"es\" dir=\"ltr\"><a href=\"https:\/\/twitter.com\/hashtag\/EleccionesOaxaca2021?src=hash&amp;ref_src=twsrc%5Etfw\">#EleccionesOaxaca2021<\/a> <br>(2) Tras ello, <a href=\"https:\/\/twitter.com\/karlitacarrasco?ref_src=twsrc%5Etfw\">@karlitacarrasco<\/a> acudi\u00f3 a presentar su denuncia ante la <a href=\"https:\/\/twitter.com\/FISCALIA_GobOax?ref_src=twsrc%5Etfw\">@FISCALIA_GobOax<\/a>, donde le dijeron que la competencia era de la <a href=\"https:\/\/twitter.com\/FGRMexico?ref_src=twsrc%5Etfw\">@FGRMexico<\/a>; la candidata de <a href=\"https:\/\/twitter.com\/RedFuerzaMx?ref_src=twsrc%5Etfw\">@RedFuerzaMx<\/a> asegur\u00f3 que eran de 12 a 13 personas que los amedrentaron. <a href=\"https:\/\/t.co\/rKSj7O2IgK\">pic.twitter.com\/rKSj7O2IgK<\/a><\/p>&mdash; Zona Roja Oaxaca (@Zona_Roja_Oax) <a href=\"https:\/\/twitter.com\/Zona_Roja_Oax\/status\/1378809535700336640?ref_src=twsrc%5Etfw\">4 de abril de 2021<\/a><\/blockquote><\/div>\n<\/div><\/figure>\n\n\n\n<p>\u201cY que no habl\u00e1ramos las candidatas, entonces ped\u00edan que si no se hac\u00eda, pues ellos insistentemente mostraban las armas que tra\u00edan, que iban a apedrear los coches que se encontraban afuera y pues estaban intentando re\u00f1ir con parte del equipo de campa\u00f1a\u201d, narr\u00f3.<\/p>\n\n\n\n<p>&#8211;\u00bfYa hab\u00edas tenido alguna amenaza anteriormente?<\/p>\n\n\n\n<p>&#8211;No, ninguna, ninguna, para nada.<\/p>\n\n\n\n<p>&#8211;\u00bf\u2026llevaban armas de fuego?<\/p>\n\n\n\n<p>&#8211;Por lo que report\u00f3 tanto la presidenta, porque ella fue quien sali\u00f3 a dialogar con ellos, el coordinador de campa\u00f1a, mencionan que vieron al menos tres personas que llevaban el arma y que constantemente la mostraban.<\/p>\n\n\n\n<p>&#8211;Qu\u00e9 aspecto ten\u00edan esas personas, porque se dice que eran tipo cholos\u2026<\/p>\n\n\n\n<p>&#8211;Eran tipo cholos, de diferentes complexiones, entre 30 y 40 a\u00f1os aproximadamente.<\/p>\n\n\n\n<p>Tras ello, Karla Gabriela Jim\u00e9nez recibi\u00f3 m\u00faltiples respaldos, entre ellos de la senadora Susana Harp Iturribarr\u00eda, quienes exigieron al gobierno de Oaxaca garant\u00edas para la realizaci\u00f3n de la jornada electoral y de protecci\u00f3n a las mujeres.<\/p>\n\n\n\n<figure class=\"wp-block-embed-twitter wp-block-embed is-type-rich is-provider-twitter\"><div class=\"wp-block-embed__wrapper\">\n<div class=\"twitter-tweet\"><blockquote class=\"twitter-tweet\" data-lang=\"es\"><p lang=\"es\" dir=\"ltr\"><a href=\"https:\/\/twitter.com\/hashtag\/EleccionesOaxaca2021?src=hash&amp;ref_src=twsrc%5Etfw\">#EleccionesOaxaca2021<\/a> <br>En conferencia de prensa, la candidata a diputada federal por <a href=\"https:\/\/twitter.com\/RedFuerzaMx?ref_src=twsrc%5Etfw\">@RedFuerzaMx<\/a>, <a href=\"https:\/\/twitter.com\/karlitacarrasco?ref_src=twsrc%5Etfw\">@karlitacarrasco<\/a>, confirm\u00f3 la intimidaci\u00f3n de un presunto grupo armado, a los que describi\u00f3, adem\u00e1s de presentar denuncia. <br>Video: <a href=\"https:\/\/twitter.com\/Estado20?ref_src=twsrc%5Etfw\">@Estado20<\/a>. <a href=\"https:\/\/t.co\/XbUOloyBTA\">pic.twitter.com\/XbUOloyBTA<\/a><\/p>&mdash; Zona Roja Oaxaca (@Zona_Roja_Oax) <a href=\"https:\/\/twitter.com\/Zona_Roja_Oax\/status\/1378910458342686721?ref_src=twsrc%5Etfw\">5 de abril de 2021<\/a><\/blockquote><\/div>\n<\/div><\/figure>\n","protected":false},"excerpt":{"rendered":"<p>Ismael Garc\u00eda M.\/Zona Roja. Oaxaca de Ju\u00e1rez, Oax., 5 de abril de 2021.- \u201cMe da&hellip;<\/p>\n","protected":false},"author":2,"featured_media":25568,"comment_status":"closed","ping_status":"open","sticky":false,"template":"","format":"standard","meta":{"_lmt_disableupdate":"","_lmt_disable":"","_jetpack_memberships_contains_paid_content":false,"footnotes":""},"categories":[109,47],"tags":[2581],"class_list":["post-25567","post","type-post","status-publish","format-standard","has-post-thumbnail","hentry","category-minuto-a-minuto","category-zona-gris","tag-karla-gabriela-jimenez-carrasco"],"jetpack_featured_media_url":"https:\/\/zonaroja.com.mx\/wp-content\/uploads\/2021\/04\/Conferencia-karla-Gabriela-Jimenez.jpg","jetpack_sharing_enabled":true,"_links":{"self":[{"href":"https:\/\/zonaroja.com.mx\/index.php?rest_route=\/wp\/v2\/posts\/25567","targetHints":{"allow":["GET"]}}],"collection":[{"href":"https:\/\/zonaroja.com.mx\/index.php?rest_route=\/wp\/v2\/posts"}],"about":[{"href":"https:\/\/zonaroja.com.mx\/index.php?rest_route=\/wp\/v2\/types\/post"}],"author":[{"embeddable":true,"href":"https:\/\/zonaroja.com.mx\/index.php?rest_route=\/wp\/v2\/users\/2"}],"replies":[{"embeddable":true,"href":"https:\/\/zonaroja.com.mx\/index.php?rest_route=%2Fwp%2Fv2%2Fcomments&post=25567"}],"version-history":[{"count":1,"href":"https:\/\/zonaroja.com.mx\/index.php?rest_route=\/wp\/v2\/posts\/25567\/revisions"}],"predecessor-version":[{"id":25569,"href":"https:\/\/zonaroja.com.mx\/index.php?rest_route=\/wp\/v2\/posts\/25567\/revisions\/25569"}],"wp:featuredmedia":[{"embeddable":true,"href":"https:\/\/zonaroja.com.mx\/index.php?rest_route=\/wp\/v2\/media\/25568"}],"wp:attachment":[{"href":"https:\/\/zonaroja.com.mx\/index.php?rest_route=%2Fwp%2Fv2%2Fmedia&parent=25567"}],"wp:term":[{"taxonomy":"category","embeddable":true,"href":"https:\/\/zonaroja.com.mx\/index.php?rest_route=%2Fwp%2Fv2%2Fcategories&post=25567"},{"taxonomy":"post_tag","embeddable":true,"href":"https:\/\/zonaroja.com.mx\/index.php?rest_route=%2Fwp%2Fv2%2Ftags&post=25567"}],"curies":[{"name":"wp","href":"https:\/\/api.w.org\/{rel}","templated":true}]}}