{"id":25576,"date":"2021-04-05T14:05:04","date_gmt":"2021-04-05T19:05:04","guid":{"rendered":"https:\/\/www.zonaroja.com.mx\/?p=25576"},"modified":"2021-04-05T16:03:20","modified_gmt":"2021-04-05T21:03:20","slug":"de-nacionalidad-britanica-mujer-desaparecida-en-nochixtlan-vinculan-a-edil-con-privacion-de-su-libertad","status":"publish","type":"post","link":"https:\/\/zonaroja.com.mx\/?p=25576","title":{"rendered":"De familia brit\u00e1nica mujer desaparecida en Nochixtl\u00e1n; vinculan a edil con privaci\u00f3n de su libertad"},"content":{"rendered":"\n<p class=\"MsoNormal\">Evlin Arag\u00f3n\/Zona Roja. <\/p>\n\n\n\n<p class=\"MsoNormal\">Oaxaca de Ju\u00e1rez, Oax., 5 de abril de 2021\/- Hermanas de Claudia Uruchurtu Cruz denunciaron la desaparici\u00f3n forzada de la mujer, de familiares de nacionalidad brit\u00e1nica y con residencia en el municipio de Asunci\u00f3n Nochixtl\u00e1n, Oaxaca, desde el d\u00eda 26 de marzo y sin que hasta la fecha se tengan rastros de su paradero.  <\/p>\n\n\n\n<p class=\"MsoNormal\">Lo hicieron en conferencia de prensa en las instalaciones de la Defensor\u00eda de Derechos Humanos del Pueblo de Oaxaca (DDHPO), donde explicaron que Claudia, fue privada de su libertad en el marco de una protesta en contra de la presidenta Lizbeth Victoria Huerta.&nbsp;&nbsp;<\/p>\n\n\n\n<p class=\"MsoNormal\">Relataron que los hechos se registraron la noche del 26 de marzo, alrededor\u00a0<a href=\"\/\/2\">de las once de la noche<\/a>, mientras la poblaci\u00f3n protestaba por la detenci\u00f3n de Alfonso Avenda\u00f1o, acci\u00f3n que explicaron fue dispersada por la polic\u00eda municipal de Nochixtl\u00e1n.\u00a0<\/p>\n\n\n\n<figure class=\"wp-block-embed-twitter wp-block-embed is-type-rich is-provider-twitter\"><div class=\"wp-block-embed__wrapper\">\n<div class=\"twitter-tweet\"><blockquote class=\"twitter-tweet\" data-lang=\"es\"><p lang=\"es\" dir=\"ltr\"><a href=\"https:\/\/twitter.com\/hashtag\/ENVIVO?src=hash&amp;ref_src=twsrc%5Etfw\">#ENVIVO<\/a> <br>Oa ac\u00e1 de Ju\u00e1rez, Oax., 5 de abril de 2021.- Conferencia de prensa por la desaparici\u00f3n de la joven Claudia Uruchurtu en Asunci\u00f3n <a href=\"https:\/\/twitter.com\/hashtag\/Nochixtl%C3%A1n?src=hash&amp;ref_src=twsrc%5Etfw\">#Nochixtl\u00e1n<\/a>, <a href=\"https:\/\/twitter.com\/hashtag\/Oaxaca?src=hash&amp;ref_src=twsrc%5Etfw\">#Oaxaca<\/a>.<br>Siga aqu\u00ed la transmisi\u00f3n: <br>\ud83d\udc47<a href=\"https:\/\/t.co\/jNMxsQYaNf\">https:\/\/t.co\/jNMxsQYaNf<\/a> <a href=\"https:\/\/t.co\/nWdrh8M398\">pic.twitter.com\/nWdrh8M398<\/a><\/p>&mdash; Zona Roja Oaxaca (@Zona_Roja_Oax) <a href=\"https:\/\/twitter.com\/Zona_Roja_Oax\/status\/1379119616195190787?ref_src=twsrc%5Etfw\">5 de abril de 2021<\/a><\/blockquote><\/div>\n<\/div><\/figure>\n\n\n\n<p class=\"MsoNormal\">Previo a su desaparici\u00f3n, Claudia hab\u00eda presentado varias denuncias al \u00d3rgano Superior de Fiscalizaci\u00f3n del Estado por desv\u00edos de recursos en el municipio por la actual administraci\u00f3n, encabezada por Victoria Huerta, adem\u00e1s que hab\u00eda participado en diversas acciones de un grupo inconforme con el actuar de la autoridad municipal.  <\/p>\n\n\n\n<p class=\"MsoNormal\">De ah\u00ed que infieren que su desaparici\u00f3n est\u00e1 directamente relacionada con las protestas en la que particip\u00f3 en contra de la edil, adem\u00e1s que denunciaron, previamente, fue intimidada y amenazada de manera directa e indirecta por las autoridades que aseguran mantienen sumida en el terror a la poblaci\u00f3n.&nbsp;<\/p>\n\n\n\n<p class=\"MsoNormal\">Sara, Elizabeth y Hayd\u00e9, hermanas de la hoy desaparecida, explicaron que hubo reportes de la localizaci\u00f3n de un cuerpo en inmediaciones de la comunidad de Los Cantaros lugar en el que encontraron una llave que era propiedad de Claudia, aunque no hab\u00eda rastro de su presencia.  <\/p>\n\n\n\n<p class=\"MsoNormal\">Debido a la nacionalidad de los familiares de la hoy desaparecida, solicitaron la intervenci\u00f3n del Parlamento y del Gobierno Brit\u00e1nico a fin de que puedan agilizar la intervenci\u00f3n de las autoridades mexicanas, de cuya pronta actuaci\u00f3n depende la vida de la mujer, sobre todo si tienen que ver las autoridades municipales en la desaparici\u00f3n.\u00a0\u00a0<\/p>\n\n\n\n<figure class=\"wp-block-embed-twitter wp-block-embed is-type-rich is-provider-twitter\"><div class=\"wp-block-embed__wrapper\">\n<div class=\"twitter-tweet\"><blockquote class=\"twitter-tweet\" data-lang=\"es\"><p lang=\"es\" dir=\"ltr\"><a href=\"https:\/\/twitter.com\/hashtag\/%C3%9AltimoMinuto?src=hash&amp;ref_src=twsrc%5Etfw\">#\u00daltimoMinuto<\/a> <br>1. Claudia Uruchurtu desapareci\u00f3 el 26 de marzo pasado en Asuncion Nochixtl\u00e1n, Oaxaca, tras un conflicto y presuntas agresiones de la polic\u00eda municipal. <br>Lo \u00fanico que se hallaron fueron unas llaves en un paraje; desde entonces no hay pistas. <a href=\"https:\/\/t.co\/KH8722hHbN\">pic.twitter.com\/KH8722hHbN<\/a><\/p>&mdash; Zona Roja Oaxaca (@Zona_Roja_Oax) <a href=\"https:\/\/twitter.com\/Zona_Roja_Oax\/status\/1379142758439514112?ref_src=twsrc%5Etfw\">5 de abril de 2021<\/a><\/blockquote><\/div>\n<\/div><\/figure>\n\n\n\n<p class=\"MsoNormal\">\u201cComo es posible que hayan pasado diez d\u00edas y no tengamos nada en concreto por parte de las autoridades, no sabemos cu\u00e1les son las l\u00edneas de investigaci\u00f3n de la Fiscal\u00eda. C\u00f3mo es posible que hayan pasado diez d\u00edas sin que nada haya sucedido\u201d, refirieron.&nbsp;&nbsp;<\/p>\n\n\n\n<p class=\"MsoNormal\">Al Congreso local pidieron la desaparici\u00f3n de poderes en el municipio debido a la alta conflictividad que se vive y las constantes denuncias de desv\u00edo de recursos que enfrenta la edil, algunas de estas promovidas por Claudia Uruchurtu, hoy desaparecida.&nbsp;&nbsp;<\/p>\n\n\n\n<p class=\"MsoNormal\">As\u00ed mismo solicitaron a las instancias de Derechos Humanos la emisi\u00f3n de medidas de protecci\u00f3n para la familia, ya que, desde la desaparici\u00f3n de Claudia y la denuncia realizada al respecto, veh\u00edculos sospechosos han merodeado sus viviendas, adem\u00e1s que han sido objeto de amenazas telef\u00f3nicas.&nbsp;&nbsp;<\/p>\n\n\n\n<p class=\"MsoNormal\">Finalmente, pidieron a las organizaciones sociales solidarizarse en la b\u00fasqueda de la mujer y exigir su aparici\u00f3n con vida.&nbsp;&nbsp;<\/p>\n\n\n\n<p class=\"MsoNormal\">\u201cLo \u00fanico que no vamos a permitir es que mi hermana se vuelva un n\u00famero m\u00e1s en las estad\u00edsticas de esta comunidad, de este estado y del pa\u00eds. \u00bfHasta cu\u00e1ndo esta violencia? \u00bfHasta cu\u00e1ndo este ciclo que no se acaba? \u00bfCu\u00e1ntas muertas m\u00e1s se necesitan en este pa\u00eds?\u201d, cuestionaron al respecto de la desaparici\u00f3n Claudia.  <\/p>\n\n\n\n<figure class=\"wp-block-embed-twitter wp-block-embed is-type-rich is-provider-twitter\"><div class=\"wp-block-embed__wrapper\">\n<div class=\"twitter-tweet\"><blockquote class=\"twitter-tweet\" data-lang=\"es\"><p lang=\"es\" dir=\"ltr\">2. \u201cQueremos que se aclare qu\u00e9 es lo que se ha hecho (en la <a href=\"https:\/\/twitter.com\/FISCALIA_GobOax?ref_src=twsrc%5Etfw\">@FISCALIA_GobOax<\/a>); c\u00f3mo es posible que hayan pasado 10 d\u00edas y no tengamos nada concreto. \u00a1No vamos a permitir que mi hermana se vuelva una estad\u00edstica m\u00e1s!\u201d: familia de Claudia Uruchurtu. <a href=\"https:\/\/t.co\/DzUUCpqmHw\">pic.twitter.com\/DzUUCpqmHw<\/a><\/p>&mdash; Zona Roja Oaxaca (@Zona_Roja_Oax) <a href=\"https:\/\/twitter.com\/Zona_Roja_Oax\/status\/1379145376888987651?ref_src=twsrc%5Etfw\">5 de abril de 2021<\/a><\/blockquote><\/div>\n<\/div><\/figure>\n","protected":false},"excerpt":{"rendered":"<p>Evlin Arag\u00f3n\/Zona Roja. Oaxaca de Ju\u00e1rez, Oax., 5 de abril de 2021\/- Hermanas de Claudia&hellip;<\/p>\n","protected":false},"author":2,"featured_media":25575,"comment_status":"closed","ping_status":"open","sticky":false,"template":"","format":"standard","meta":{"_lmt_disableupdate":"","_lmt_disable":"","_jetpack_memberships_contains_paid_content":false,"footnotes":""},"categories":[109,47],"tags":[2582],"class_list":["post-25576","post","type-post","status-publish","format-standard","has-post-thumbnail","hentry","category-minuto-a-minuto","category-zona-gris","tag-claudia-uruchurtu-cruz"],"jetpack_featured_media_url":"https:\/\/zonaroja.com.mx\/wp-content\/uploads\/2021\/04\/78398e9d-fc80-412c-be08-76fcc2046a7b.jpg","jetpack_sharing_enabled":true,"_links":{"self":[{"href":"https:\/\/zonaroja.com.mx\/index.php?rest_route=\/wp\/v2\/posts\/25576","targetHints":{"allow":["GET"]}}],"collection":[{"href":"https:\/\/zonaroja.com.mx\/index.php?rest_route=\/wp\/v2\/posts"}],"about":[{"href":"https:\/\/zonaroja.com.mx\/index.php?rest_route=\/wp\/v2\/types\/post"}],"author":[{"embeddable":true,"href":"https:\/\/zonaroja.com.mx\/index.php?rest_route=\/wp\/v2\/users\/2"}],"replies":[{"embeddable":true,"href":"https:\/\/zonaroja.com.mx\/index.php?rest_route=%2Fwp%2Fv2%2Fcomments&post=25576"}],"version-history":[{"count":2,"href":"https:\/\/zonaroja.com.mx\/index.php?rest_route=\/wp\/v2\/posts\/25576\/revisions"}],"predecessor-version":[{"id":25579,"href":"https:\/\/zonaroja.com.mx\/index.php?rest_route=\/wp\/v2\/posts\/25576\/revisions\/25579"}],"wp:featuredmedia":[{"embeddable":true,"href":"https:\/\/zonaroja.com.mx\/index.php?rest_route=\/wp\/v2\/media\/25575"}],"wp:attachment":[{"href":"https:\/\/zonaroja.com.mx\/index.php?rest_route=%2Fwp%2Fv2%2Fmedia&parent=25576"}],"wp:term":[{"taxonomy":"category","embeddable":true,"href":"https:\/\/zonaroja.com.mx\/index.php?rest_route=%2Fwp%2Fv2%2Fcategories&post=25576"},{"taxonomy":"post_tag","embeddable":true,"href":"https:\/\/zonaroja.com.mx\/index.php?rest_route=%2Fwp%2Fv2%2Ftags&post=25576"}],"curies":[{"name":"wp","href":"https:\/\/api.w.org\/{rel}","templated":true}]}}