{"id":2558,"date":"2019-07-28T09:00:28","date_gmt":"2019-07-28T14:00:28","guid":{"rendered":"http:\/\/www.zonaroja.com.mx\/?p=2558"},"modified":"2019-07-27T20:57:53","modified_gmt":"2019-07-28T01:57:53","slug":"comunidades-insisten-en-su-negativa-a-mineras-la-empresa-invierte-mas","status":"publish","type":"post","link":"https:\/\/zonaroja.com.mx\/?p=2558","title":{"rendered":"Comunidades insisten en su negativa a mineras; la empresa invierte m\u00e1s"},"content":{"rendered":"\n<p>Evlin Arag\u00f3n<\/p>\n\n\n\n<p>Oaxaca de Ju\u00e1rez, Oax., 27 de julio de\n2019.- Alrededor de 15 comunidades de Oaxaca y un n\u00famero similar de\norganizaciones sociales en defensa del territorio exigieron a las autoridades\nestatales y federales la cancelaci\u00f3n de las concesiones mineras emitidas en\nterritorios de ejidos y comunidades de Tlacolula, Ocotl\u00e1n y Ejutla.<\/p>\n\n\n\n<p>Sin embargo, la empresa canadiense Fortuna\nSilver, concesionaria de la Compa\u00f1\u00eda Minera Cuzcatl\u00e1n, instalada en San Jos\u00e9\ndel Progreso, respondi\u00f3 con un comunicado en que detall\u00f3 que ha invertido este\na\u00f1o 243 millones de pesos, de los cuales 90 millones se aplican a exploraci\u00f3n\nde nuevos yacimientos de plata.<\/p>\n\n\n\n<p>Respecto al uso del Fondo Minero (FM),\nresalt\u00f3 \u201ccomo una acci\u00f3n de justicia que los recursos que salen de las\ncomunidades mineras regresen en forma de beneficios\u201d, en 2018 la empresa\ncontribuy\u00f3 con 117.7 millones de pesos al FM, m\u00e1s de 463 millones de pesos de\nregal\u00eda minera para el Servicio Geol\u00f3gico. <\/p>\n\n\n\n<p>En salarios, servicios, prestaciones\nsociales y acuerdos con las comunidades se invirtieron 595 millones de pesos. <\/p>\n\n\n\n<p>La minera, que se ubica en San Jos\u00e9 del\nProgreso, Oaxaca, genera mil empleos directos e indirectos, 70% de sus\nempleados son originarios del municipio y comunidades cercanas, 13% de su\nfuerza laboral son mujeres y la mayor\u00eda de los proveedores son empresas\nlocales. <\/p>\n\n\n\n<p>La mina extrae ocho millones de onzas\nde plata. El 60% se destina a Corea del Sur; 40%, a Alemania. La minera\nCuzcatl\u00e1n es la s\u00e9ptima a nivel mundial en producci\u00f3n de plata, y cuarto a\nnivel nacional, es la tercera industria m\u00e1s importante de Oaxaca detr\u00e1s de la\ncervecera y cementera.<\/p>\n\n\n\n<p>PERSISTE RECHAZO<\/p>\n\n\n\n<p>Por su parte, de acuerdo con un documento emanado de la Guelaguetza contra la Miner\u00eda y fiesta de la resistencia que celebraron en d\u00edas recientes en San Mart\u00edn de los Canseco, Ejutla, donde se reunieron representantes de las comunidades zapotecos y campesinas de la regi\u00f3n de los Valles Centrales, persiste el rechazo a las mineras.<\/p>\n\n\n\n<figure class=\"wp-block-embed-twitter wp-block-embed is-type-rich is-provider-twitter\"><div class=\"wp-block-embed__wrapper\">\n<div class=\"twitter-tweet\"><blockquote class=\"twitter-tweet\" data-lang=\"es\"><p lang=\"es\" dir=\"ltr\">Celebran comunidades ind\u00edgenas la Guelaguetza antiminera en Oaxaca <a href=\"https:\/\/twitter.com\/hashtag\/OaxacaVsMineria?src=hash&amp;ref_src=twsrc%5Etfw\">#OaxacaVsMineria<\/a> <a href=\"https:\/\/twitter.com\/hashtag\/Guelaguetza2019?src=hash&amp;ref_src=twsrc%5Etfw\">#Guelaguetza2019<\/a><a href=\"https:\/\/t.co\/kiz8TkRD0m\">https:\/\/t.co\/kiz8TkRD0m<\/a> <a href=\"https:\/\/t.co\/G0qKZ9hDGn\">pic.twitter.com\/G0qKZ9hDGn<\/a><\/p>&mdash; Educa Oaxaca (@laminuta) <a href=\"https:\/\/twitter.com\/laminuta\/status\/1153729606819749888?ref_src=twsrc%5Etfw\">23 de julio de 2019<\/a><\/blockquote><\/div>\n<\/div><\/figure>\n\n\n\n<p>Ah\u00ed pidieron respeto al derecho a la\nlibre determinaci\u00f3n de los pueblos y comunidades que a trav\u00e9s de sus instancias\nde toma de decisiones internas ya se han&nbsp;\npronunciado en incontables ocasiones en contra de la miner\u00eda en sus\nterritorios.<\/p>\n\n\n\n<p>\u201cEl modelo extractivo y econ\u00f3mico del\ngobierno federal, sus concesiones y proyectos mineros es la principal amenaza\npara los pueblos porque se imponen violentamente, despojando de las riquezas\nmineras, culturales, espirituales y organizativas\u201d, refiere el documento que\ndifundieron a los medios de comunicaci\u00f3n. <\/p>\n\n\n\n<p>Explicaron que en 10 a\u00f1os de\nresistencia han podido comprobar que la miner\u00eda en Oaxaca no solo afecta el\nmedio ambiente con la extracci\u00f3n de los minerales, sino tambi\u00e9n toda la vida de\nla comunidad generando divisi\u00f3n y confrontaci\u00f3n al interior, asesinatos de\ndefensores, e incluso modificaciones a su propia identidad.<\/p>\n\n\n\n<p>Por lo que exigieron a la Secretaria\ndel Medio Ambiente (Semarnat), desechar la autorizaci\u00f3n de la solicitud de los\nestudios de Manifestaci\u00f3n de Impacto Ambiental del Proyecto San Jos\u00e9 del\nProgreso II, as\u00ed como sanciones ejemplares&nbsp;\na los responsables de la contaminaci\u00f3n del r\u00edo \u201cCoyote\u201d, en Magdalena\nOcotl\u00e1n y la muerte masiva de los peces en la comunidad de San Jos\u00e9 del\nProgreso, Ocotl\u00e1n, Oaxaca.<\/p>\n\n\n\n<p>Mientras que a las autoridades de\nprocuraci\u00f3n de justicia exigieron castigo a todos los autores materiales e\nintelectuales de los asesinatos de los defensores y defensoras comunitarias que\nles han arrebatado la vida en la defensa del territorio.<\/p>\n","protected":false},"excerpt":{"rendered":"<p>Evlin Arag\u00f3n Oaxaca de Ju\u00e1rez, Oax., 27 de julio de 2019.- Alrededor de 15 comunidades&hellip;<\/p>\n","protected":false},"author":2,"featured_media":2563,"comment_status":"closed","ping_status":"open","sticky":false,"template":"","format":"standard","meta":{"_lmt_disableupdate":"","_lmt_disable":"","_jetpack_memberships_contains_paid_content":false,"footnotes":""},"categories":[109,47],"tags":[410],"class_list":["post-2558","post","type-post","status-publish","format-standard","has-post-thumbnail","hentry","category-minuto-a-minuto","category-zona-gris","tag-rechazo-a-la-mineria-en-oaxaca"],"jetpack_featured_media_url":"https:\/\/zonaroja.com.mx\/wp-content\/uploads\/2019\/07\/Rechazo-a-miner\u00eda.jpg","jetpack_sharing_enabled":true,"_links":{"self":[{"href":"https:\/\/zonaroja.com.mx\/index.php?rest_route=\/wp\/v2\/posts\/2558","targetHints":{"allow":["GET"]}}],"collection":[{"href":"https:\/\/zonaroja.com.mx\/index.php?rest_route=\/wp\/v2\/posts"}],"about":[{"href":"https:\/\/zonaroja.com.mx\/index.php?rest_route=\/wp\/v2\/types\/post"}],"author":[{"embeddable":true,"href":"https:\/\/zonaroja.com.mx\/index.php?rest_route=\/wp\/v2\/users\/2"}],"replies":[{"embeddable":true,"href":"https:\/\/zonaroja.com.mx\/index.php?rest_route=%2Fwp%2Fv2%2Fcomments&post=2558"}],"version-history":[{"count":2,"href":"https:\/\/zonaroja.com.mx\/index.php?rest_route=\/wp\/v2\/posts\/2558\/revisions"}],"predecessor-version":[{"id":2562,"href":"https:\/\/zonaroja.com.mx\/index.php?rest_route=\/wp\/v2\/posts\/2558\/revisions\/2562"}],"wp:featuredmedia":[{"embeddable":true,"href":"https:\/\/zonaroja.com.mx\/index.php?rest_route=\/wp\/v2\/media\/2563"}],"wp:attachment":[{"href":"https:\/\/zonaroja.com.mx\/index.php?rest_route=%2Fwp%2Fv2%2Fmedia&parent=2558"}],"wp:term":[{"taxonomy":"category","embeddable":true,"href":"https:\/\/zonaroja.com.mx\/index.php?rest_route=%2Fwp%2Fv2%2Fcategories&post=2558"},{"taxonomy":"post_tag","embeddable":true,"href":"https:\/\/zonaroja.com.mx\/index.php?rest_route=%2Fwp%2Fv2%2Ftags&post=2558"}],"curies":[{"name":"wp","href":"https:\/\/api.w.org\/{rel}","templated":true}]}}