{"id":25580,"date":"2021-04-05T16:43:35","date_gmt":"2021-04-05T21:43:35","guid":{"rendered":"http:\/\/www.zonaroja.com.mx\/?p=25580"},"modified":"2021-04-05T16:43:40","modified_gmt":"2021-04-05T21:43:40","slug":"edil-de-nochixtlan-se-deslindo-de-desaparicion-de-claudia-exige-cese-a-linchamiento","status":"publish","type":"post","link":"https:\/\/zonaroja.com.mx\/?p=25580","title":{"rendered":"Edil de Nochixtl\u00e1n se deslind\u00f3 de desaparici\u00f3n de Claudia; exige cese a linchamiento"},"content":{"rendered":"\n<p>Yuridiana Sosa\/Zona Roja.<\/p>\n\n\n\n<p>Oaxaca de Ju\u00e1rez, Oax., 5 de abril de 2021.- La presidenta municipal de Asunci\u00f3n Nochixtl\u00e1n, Oaxaca, Lizbeth Victoria Huerta, se deslind\u00f3 de responsabilidades por la desaparici\u00f3n de Claudia Uruchurtu Cruz, quien particip\u00f3 en una protesta contra la autoridad y denunci\u00f3 actos de corrupci\u00f3n.<\/p>\n\n\n\n<p>En conferencia en la capital, manifest\u00f3 que a partir de la desaparici\u00f3n de Claudia Uruchurtu, de 48 a\u00f1os de edad, reportada el 26 de marzo, ha sido atacada en redes sociales al se\u00f1alarla como culpable del acto de desaparici\u00f3n, por lo cual desminti\u00f3 esas versiones y exigi\u00f3 la localizaci\u00f3n de la v\u00edctima.<\/p>\n\n\n\n<p>Uruchurtu Cruz hab\u00eda anunciado supuestos actos de corrupci\u00f3n de la autoridad municipal que encabeza Lizbeth Victoria Huerta, quien busca la reelecci\u00f3n, por el Partido Morena. La investigaci\u00f3n que realiz\u00f3 la present\u00f3 ante las autoridades correspondientes.<\/p>\n\n\n\n<p>Expuso que su gobierno \u201cno tiene nada que ver en la desaparici\u00f3n de Claudia como lo hacen saber medios de comunicaci\u00f3n y las redes sociales\u201d, pues dijo que \u201cest\u00e1 de lado de las mujeres y hombres, somos un gobierno que respeta los derechos humanos, que busca el bienestar social de todos sin distingo de ideolog\u00edas pol\u00edticas\u201d.<\/p>\n\n\n\n<figure class=\"wp-block-embed-twitter wp-block-embed is-type-rich is-provider-twitter\"><div class=\"wp-block-embed__wrapper\">\n<div class=\"twitter-tweet\"><blockquote class=\"twitter-tweet\" data-lang=\"es\"><p lang=\"es\" dir=\"ltr\"><a href=\"https:\/\/twitter.com\/hashtag\/ENVIVO?src=hash&amp;ref_src=twsrc%5Etfw\">#ENVIVO<\/a> <br>Oaxaca de Ju\u00e1rez, Oax., 5 de abril de 2021.- Conferencia de prensa de la autoridad de Asunci\u00f3n Nochixtl\u00e1n respecto a la desaparici\u00f3n de Claudia Uruchurtu.<br><br>Siga aqu\u00ed la transmisi\u00f3n: <br>\ud83d\udc47<a href=\"https:\/\/t.co\/b07WoxfIuT\">https:\/\/t.co\/b07WoxfIuT<\/a> <a href=\"https:\/\/t.co\/krXPxMuF8N\">pic.twitter.com\/krXPxMuF8N<\/a><\/p>&mdash; Zona Roja Oaxaca (@Zona_Roja_Oax) <a href=\"https:\/\/twitter.com\/Zona_Roja_Oax\/status\/1379160926742532105?ref_src=twsrc%5Etfw\">5 de abril de 2021<\/a><\/blockquote><\/div>\n<\/div><\/figure>\n\n\n\n<p>Y agreg\u00f3 en justificaci\u00f3n: \u201cAl contrario, en todo momento se dieron las respuestas ante las distintas solicitudes de informaci\u00f3n, demandas y dem\u00e1s acciones que esta persona (Claudia), en su derecho, realiz\u00f3\u201d.<\/p>\n\n\n\n<p>La edil asegur\u00f3 que como autoridad municipal colaboran en lo necesario para dar con el paradero de Claudia, quien de acuerdo a versiones de la familia presuntamente fue llevada contra su voluntad a bordo de un veh\u00edculo tras participar en una manifestaci\u00f3n en Nochixtl\u00e1n.<\/p>\n\n\n\n<p>Por lo que exigi\u00f3 al gobernador del Estado, Alejandro Murat y a la Fiscal\u00eda General de Oaxaca a realizar las investigaciones para localizar a Claudia.<\/p>\n\n\n\n<p>Agreg\u00f3 que en la manifestaci\u00f3n en la que particip\u00f3 Claudia se infiltraron o contrataron al menos un grupo de 50 personas que no eran de Asunci\u00f3n Nochixtl\u00e1n, con el fin de agredir, como lo lograron hacer contra un polic\u00eda e intentaron quemar una patrulla.<\/p>\n\n\n\n<p>TAMBI\u00c9N RECIBE AMENAZAS<\/p>\n\n\n\n<p>En conferencia de prensa, la presidenta municipal indic\u00f3 que, desde la desaparici\u00f3n de Claudia y una manifestaci\u00f3n, ha recibido amenazas de muerte, entre las que se cuentan algunas firmadas supuestamente por el C\u00e1rtel Jalisco Nueva Generaci\u00f3n.<\/p>\n\n\n\n<figure class=\"wp-block-embed-twitter wp-block-embed is-type-rich is-provider-twitter\"><div class=\"wp-block-embed__wrapper\">\n<div class=\"twitter-tweet\"><blockquote class=\"twitter-tweet\" data-lang=\"es\"><p lang=\"es\" dir=\"ltr\">En conferencia en la capital, la presidenta de <a href=\"https:\/\/twitter.com\/GobNochixtlan?ref_src=twsrc%5Etfw\">@GobNochixtlan<\/a>, <a href=\"https:\/\/twitter.com\/LizVictoriaHta?ref_src=twsrc%5Etfw\">@lizvictoriahta<\/a>, se deslind\u00f3 de la desaparici\u00f3n de Claudia Uruchurtu y dijo que su gobierno se suma a la b\u00fasqueda; denunci\u00f3 adem\u00e1s que ha recibido amenazas por buscar la reelecci\u00f3n al cargo, por el Partido Morena. <a href=\"https:\/\/t.co\/vE3Politcu\">pic.twitter.com\/vE3Politcu<\/a><\/p>&mdash; Zona Roja Oaxaca (@Zona_Roja_Oax) <a href=\"https:\/\/twitter.com\/Zona_Roja_Oax\/status\/1379180151905341441?ref_src=twsrc%5Etfw\">5 de abril de 2021<\/a><\/blockquote><\/div>\n<\/div><\/figure>\n\n\n\n<p>Expuso que teme por su vida, por lo que tambi\u00e9n ya present\u00f3 la denuncia correspondiente ante la Fiscal\u00eda General por las advertencias que ha recibido.<\/p>\n\n\n\n<p>Entre los mensajes que ha recibido en redes sociales est\u00e1n enfocados a que desista de su participaci\u00f3n en la contienda electoral en la b\u00fasqueda de la reelecci\u00f3n.<\/p>\n\n\n\n<p>La edil tambi\u00e9n demand\u00f3 al gobierno federal y estatal mayor presencia y coordinaci\u00f3n por parte de elementos estatales y Guardia Nacional para la vigilancia y prevenci\u00f3n del delito en Nochixtl\u00e1n, pues no tienen presencia de ninguna corporaci\u00f3n ajena a la municipal.<\/p>\n","protected":false},"excerpt":{"rendered":"<p>Yuridiana Sosa\/Zona Roja. Oaxaca de Ju\u00e1rez, Oax., 5 de abril de 2021.- La presidenta municipal&hellip;<\/p>\n","protected":false},"author":2,"featured_media":25581,"comment_status":"closed","ping_status":"open","sticky":false,"template":"","format":"standard","meta":{"_lmt_disableupdate":"","_lmt_disable":"","_jetpack_memberships_contains_paid_content":false,"footnotes":""},"categories":[109,47],"tags":[128,2083],"class_list":["post-25580","post","type-post","status-publish","format-standard","has-post-thumbnail","hentry","category-minuto-a-minuto","category-zona-gris","tag-asuncion-nochixtlan","tag-lizbeth-victoria-huerta"],"jetpack_featured_media_url":"https:\/\/zonaroja.com.mx\/wp-content\/uploads\/2021\/04\/Conferencia-Nochixtlan.jpg","jetpack_sharing_enabled":true,"_links":{"self":[{"href":"https:\/\/zonaroja.com.mx\/index.php?rest_route=\/wp\/v2\/posts\/25580","targetHints":{"allow":["GET"]}}],"collection":[{"href":"https:\/\/zonaroja.com.mx\/index.php?rest_route=\/wp\/v2\/posts"}],"about":[{"href":"https:\/\/zonaroja.com.mx\/index.php?rest_route=\/wp\/v2\/types\/post"}],"author":[{"embeddable":true,"href":"https:\/\/zonaroja.com.mx\/index.php?rest_route=\/wp\/v2\/users\/2"}],"replies":[{"embeddable":true,"href":"https:\/\/zonaroja.com.mx\/index.php?rest_route=%2Fwp%2Fv2%2Fcomments&post=25580"}],"version-history":[{"count":1,"href":"https:\/\/zonaroja.com.mx\/index.php?rest_route=\/wp\/v2\/posts\/25580\/revisions"}],"predecessor-version":[{"id":25582,"href":"https:\/\/zonaroja.com.mx\/index.php?rest_route=\/wp\/v2\/posts\/25580\/revisions\/25582"}],"wp:featuredmedia":[{"embeddable":true,"href":"https:\/\/zonaroja.com.mx\/index.php?rest_route=\/wp\/v2\/media\/25581"}],"wp:attachment":[{"href":"https:\/\/zonaroja.com.mx\/index.php?rest_route=%2Fwp%2Fv2%2Fmedia&parent=25580"}],"wp:term":[{"taxonomy":"category","embeddable":true,"href":"https:\/\/zonaroja.com.mx\/index.php?rest_route=%2Fwp%2Fv2%2Fcategories&post=25580"},{"taxonomy":"post_tag","embeddable":true,"href":"https:\/\/zonaroja.com.mx\/index.php?rest_route=%2Fwp%2Fv2%2Ftags&post=25580"}],"curies":[{"name":"wp","href":"https:\/\/api.w.org\/{rel}","templated":true}]}}