{"id":25583,"date":"2021-04-05T17:18:30","date_gmt":"2021-04-05T22:18:30","guid":{"rendered":"http:\/\/www.zonaroja.com.mx\/?p=25583"},"modified":"2021-04-05T17:18:36","modified_gmt":"2021-04-05T22:18:36","slug":"la-seccion-22-reclama-cambios-en-los-prestamos-del-issste","status":"publish","type":"post","link":"https:\/\/zonaroja.com.mx\/?p=25583","title":{"rendered":"La Secci\u00f3n 22 reclama cambios en los pr\u00e9stamos del ISSSTE"},"content":{"rendered":"\n<p>Evlin Arag\u00f3n\/Zona Roja.<\/p>\n\n\n\n<p>Oaxaca de Ju\u00e1rez, Oax., 5 de abril de 2021.- Integrantes de la Secci\u00f3n 22 del Sindicato Nacional de Trabajadores de la Educaci\u00f3n (SNTE) reclamaron la decisi\u00f3n unilateral del ISSSTE, luego de aprobar la asignaci\u00f3n de cr\u00e9ditos personales mediante un sorteo a nivel nacional, lo cual vulnera los derechos laborales del gremio.&nbsp;<\/p>\n\n\n\n<p>As\u00ed lo dio a conocer Sabino Cruz S\u00e1nchez, titular de la Secretaria de Cr\u00e9ditos de la gremial adherida a la CNTE, quien encabez\u00f3 un mitin a las afueras de la Subdelegaci\u00f3n de Prestaciones del ISSSTE ubicada en la capital oaxaque\u00f1a, en donde hicieron la entrega de un documento.&nbsp;<\/p>\n\n\n\n<p>\u201cEsta decisi\u00f3n unilateral jam\u00e1s fue consultada a ning\u00fan instituto que recibe los pr\u00e9stamos personales y a los sindicatos que reciben tambi\u00e9n este beneficio que no concede de gratis, se paga con intereses y jam\u00e1s fuimos consultados\u201d, refiri\u00f3.&nbsp;&nbsp;<\/p>\n\n\n\n<p>En el lugar, explic\u00f3 que las modificaciones para el acceso a los cr\u00e9ditos pretenden tapar la grave crisis que presenta la instituci\u00f3n, de la cual no son responsables quienes cotizan, sino las malas administraciones, de ah\u00ed que no consideran justo sean ellos quienes tiene que pagar los \u201cplatos rotos\u201d.<\/p>\n\n\n\n<p>Cruz S\u00e1nchez relat\u00f3 que anteriormente se dotaba a la gremial de un aproximado de dos mil 100 hojas o folios, con lo cual sus compa\u00f1eras y compa\u00f1eros podr\u00edan hacer los tr\u00e1mites para un cr\u00e9dito personal, incluso desde la comodidad de su casa o a trav\u00e9s de la Secretaria de Cr\u00e9ditos.\u00a0\u00a0<\/p>\n\n\n\n<figure class=\"wp-block-embed-twitter wp-block-embed is-type-rich is-provider-twitter\"><div class=\"wp-block-embed__wrapper\">\n<div class=\"twitter-tweet\"><blockquote class=\"twitter-tweet\" data-lang=\"es\"><p lang=\"es\" dir=\"ltr\"><a href=\"https:\/\/twitter.com\/hashtag\/ENVIVO?src=hash&amp;ref_src=twsrc%5Etfw\">#ENVIVO<\/a> <br>Oaxaca de Ju\u00e1rez, Oax., 5 de abril de 2021.- Conferencia de prensa del a Secci\u00f3n 22 del SNTE en las of\u00edcianos de la Subdelegaci\u00f3n de Prestaciones del ISSSTE. <br>Siga la transmisi\u00f3n:<br>\ud83d\udc47<a href=\"https:\/\/t.co\/iNqt32htR7\">https:\/\/t.co\/iNqt32htR7<\/a> <a href=\"https:\/\/t.co\/ExWAxQrjyD\">pic.twitter.com\/ExWAxQrjyD<\/a><\/p>&mdash; Zona Roja Oaxaca (@Zona_Roja_Oax) <a href=\"https:\/\/twitter.com\/Zona_Roja_Oax\/status\/1379104409200787456?ref_src=twsrc%5Etfw\">5 de abril de 2021<\/a><\/blockquote><\/div>\n<\/div><\/figure>\n\n\n\n<p>Sin embargo, so pretexto de la pandemia, han decidido transitar a otra opci\u00f3n \u2013 sorteo nacional- que perjudica a la base trabajadora, siempre necesitada de un pr\u00e9stamo para la adquisici\u00f3n bienes o servicios que de otra forma es dif\u00edcil acceder.&nbsp;&nbsp;<\/p>\n\n\n\n<p>\u201cConsideramos el procedimiento de injusto, incierto e inoperante porque se da a nivel nacional y genera incidencias imposibles de resolver desde aqu\u00ed\u201d, se\u00f1al\u00f3.&nbsp;<\/p>\n\n\n\n<p>De ah\u00ed que pidieron una mesa de di\u00e1logo y negociaci\u00f3n de car\u00e1cter nacional, para la cual dieron como plazo el 15 de abril y en la que piden la presencia del director general, el oaxaque\u00f1o Luis Antonio Ram\u00edrez Pineda, a quien reclaman la falta de respaldo a la base magisterial.<\/p>\n\n\n\n<p>Finalmente explicaron que los pendientes del gremio con el ISSSTE van m\u00e1s all\u00e1 de los cr\u00e9ditos personales, ya que tienen observaciones e incidencias en torno al servicio de salud que brindan, as\u00ed como a las prestaciones de vivienda y jubilaciones que los vinculan.&nbsp;<\/p>\n","protected":false},"excerpt":{"rendered":"<p>Evlin Arag\u00f3n\/Zona Roja. Oaxaca de Ju\u00e1rez, Oax., 5 de abril de 2021.- Integrantes de la&hellip;<\/p>\n","protected":false},"author":2,"featured_media":25584,"comment_status":"closed","ping_status":"open","sticky":false,"template":"","format":"standard","meta":{"_lmt_disableupdate":"","_lmt_disable":"","_jetpack_memberships_contains_paid_content":false,"footnotes":""},"categories":[109,47],"tags":[312],"class_list":["post-25583","post","type-post","status-publish","format-standard","has-post-thumbnail","hentry","category-minuto-a-minuto","category-zona-gris","tag-seccion-22-del-snte"],"jetpack_featured_media_url":"https:\/\/zonaroja.com.mx\/wp-content\/uploads\/2021\/04\/Conferencia-Seccion-22.jpg","jetpack_sharing_enabled":true,"_links":{"self":[{"href":"https:\/\/zonaroja.com.mx\/index.php?rest_route=\/wp\/v2\/posts\/25583","targetHints":{"allow":["GET"]}}],"collection":[{"href":"https:\/\/zonaroja.com.mx\/index.php?rest_route=\/wp\/v2\/posts"}],"about":[{"href":"https:\/\/zonaroja.com.mx\/index.php?rest_route=\/wp\/v2\/types\/post"}],"author":[{"embeddable":true,"href":"https:\/\/zonaroja.com.mx\/index.php?rest_route=\/wp\/v2\/users\/2"}],"replies":[{"embeddable":true,"href":"https:\/\/zonaroja.com.mx\/index.php?rest_route=%2Fwp%2Fv2%2Fcomments&post=25583"}],"version-history":[{"count":1,"href":"https:\/\/zonaroja.com.mx\/index.php?rest_route=\/wp\/v2\/posts\/25583\/revisions"}],"predecessor-version":[{"id":25585,"href":"https:\/\/zonaroja.com.mx\/index.php?rest_route=\/wp\/v2\/posts\/25583\/revisions\/25585"}],"wp:featuredmedia":[{"embeddable":true,"href":"https:\/\/zonaroja.com.mx\/index.php?rest_route=\/wp\/v2\/media\/25584"}],"wp:attachment":[{"href":"https:\/\/zonaroja.com.mx\/index.php?rest_route=%2Fwp%2Fv2%2Fmedia&parent=25583"}],"wp:term":[{"taxonomy":"category","embeddable":true,"href":"https:\/\/zonaroja.com.mx\/index.php?rest_route=%2Fwp%2Fv2%2Fcategories&post=25583"},{"taxonomy":"post_tag","embeddable":true,"href":"https:\/\/zonaroja.com.mx\/index.php?rest_route=%2Fwp%2Fv2%2Ftags&post=25583"}],"curies":[{"name":"wp","href":"https:\/\/api.w.org\/{rel}","templated":true}]}}