{"id":25590,"date":"2021-04-05T21:00:11","date_gmt":"2021-04-06T02:00:11","guid":{"rendered":"http:\/\/www.zonaroja.com.mx\/?p=25590"},"modified":"2021-04-05T21:00:15","modified_gmt":"2021-04-06T02:00:15","slug":"reanuda-frente-14-de-junio-protestas-contra-edil-oswaldo-garcia","status":"publish","type":"post","link":"https:\/\/zonaroja.com.mx\/?p=25590","title":{"rendered":"Reanuda Frente \u201c14 de Junio\u201d protestas contra edil Oswaldo Garc\u00eda"},"content":{"rendered":"\n<p>Yuridiana Sosa\/Zona Roja.<\/p>\n\n\n\n<p>Oaxaca de Ju\u00e1rez, Oax., 5 de abril de 2021.- Comerciantes informales adheridos a la organizaci\u00f3n Frente Popular \u201c14 de Junio\u201d protestaron este lunes frente al palacio municipal de Oaxaca de Ju\u00e1rez, en la Plaza de la Danza, para exigir permisos para vender en la v\u00eda p\u00fablica.<\/p>\n\n\n\n<p>El presidente municipal, Oswaldo Garc\u00eda Jarqu\u00edn, no ha logrado controlar el ambulantaje, mismo que se ha incrementado de forma acelerada en el Centro Hist\u00f3rico pese a la contingencia sanitaria por Covid.<\/p>\n\n\n\n<p>Los inconformes se\u00f1alaron que durante la actual administraci\u00f3n se han disparado los puestos en la calle, varios de ellos con permisos reci\u00e9n otorgados, pero de los que no han sido beneficiados como organizaci\u00f3n.<\/p>\n\n\n\n<p>El coordinador del Frente \u201c14 de Junio\u201d, Javier P\u00e9rez, apunt\u00f3 que el gobierno municipal no cumple con los lineamientos para la entrega de permisos o tarjetones, pues los interesados de la organizaci\u00f3n han cumplido con los requisitos establecidos, pero siempre se los niegan.<\/p>\n\n\n\n<p>Por lo que ahora exigen que les entreguen la misma cantidad de permisos otorgados a otros grupos y de esta forma se cumpla la igualdad de condiciones para todos, sentenci\u00f3 el dirigente, quien no precis\u00f3 la cantidad que requieren.<\/p>\n\n\n\n<p>La instalaci\u00f3n comenz\u00f3 la tarde de hoy y esperan no ser desalojados por la polic\u00eda municipal como ocurri\u00f3 semanas atr\u00e1s, cuando tambi\u00e9n se instalaron en el z\u00f3calo de la capital y fueron retirados en contra de su voluntad durante la madrugada.<\/p>\n","protected":false},"excerpt":{"rendered":"<p>Yuridiana Sosa\/Zona Roja. Oaxaca de Ju\u00e1rez, Oax., 5 de abril de 2021.- Comerciantes informales adheridos&hellip;<\/p>\n","protected":false},"author":2,"featured_media":25591,"comment_status":"closed","ping_status":"open","sticky":false,"template":"","format":"standard","meta":{"_lmt_disableupdate":"","_lmt_disable":"","_jetpack_memberships_contains_paid_content":false,"footnotes":""},"categories":[109,47],"tags":[115],"class_list":["post-25590","post","type-post","status-publish","format-standard","has-post-thumbnail","hentry","category-minuto-a-minuto","category-zona-gris","tag-oswaldo-garcia-jarquin"],"jetpack_featured_media_url":"https:\/\/zonaroja.com.mx\/wp-content\/uploads\/2021\/04\/Protesta-ayuntamiento-Oaxaca.jpg","jetpack_sharing_enabled":true,"_links":{"self":[{"href":"https:\/\/zonaroja.com.mx\/index.php?rest_route=\/wp\/v2\/posts\/25590","targetHints":{"allow":["GET"]}}],"collection":[{"href":"https:\/\/zonaroja.com.mx\/index.php?rest_route=\/wp\/v2\/posts"}],"about":[{"href":"https:\/\/zonaroja.com.mx\/index.php?rest_route=\/wp\/v2\/types\/post"}],"author":[{"embeddable":true,"href":"https:\/\/zonaroja.com.mx\/index.php?rest_route=\/wp\/v2\/users\/2"}],"replies":[{"embeddable":true,"href":"https:\/\/zonaroja.com.mx\/index.php?rest_route=%2Fwp%2Fv2%2Fcomments&post=25590"}],"version-history":[{"count":1,"href":"https:\/\/zonaroja.com.mx\/index.php?rest_route=\/wp\/v2\/posts\/25590\/revisions"}],"predecessor-version":[{"id":25592,"href":"https:\/\/zonaroja.com.mx\/index.php?rest_route=\/wp\/v2\/posts\/25590\/revisions\/25592"}],"wp:featuredmedia":[{"embeddable":true,"href":"https:\/\/zonaroja.com.mx\/index.php?rest_route=\/wp\/v2\/media\/25591"}],"wp:attachment":[{"href":"https:\/\/zonaroja.com.mx\/index.php?rest_route=%2Fwp%2Fv2%2Fmedia&parent=25590"}],"wp:term":[{"taxonomy":"category","embeddable":true,"href":"https:\/\/zonaroja.com.mx\/index.php?rest_route=%2Fwp%2Fv2%2Fcategories&post=25590"},{"taxonomy":"post_tag","embeddable":true,"href":"https:\/\/zonaroja.com.mx\/index.php?rest_route=%2Fwp%2Fv2%2Ftags&post=25590"}],"curies":[{"name":"wp","href":"https:\/\/api.w.org\/{rel}","templated":true}]}}