{"id":25606,"date":"2021-04-06T07:54:38","date_gmt":"2021-04-06T12:54:38","guid":{"rendered":"http:\/\/www.zonaroja.com.mx\/?p=25606"},"modified":"2021-04-06T07:54:41","modified_gmt":"2021-04-06T12:54:41","slug":"ninas-y-ninos-los-mas-indefensos-e-invisibles-ante-violencia-ges","status":"publish","type":"post","link":"https:\/\/zonaroja.com.mx\/?p=25606","title":{"rendered":"Ni\u00f1as y ni\u00f1os, los m\u00e1s indefensos e invisibles ante violencia: GES"},"content":{"rendered":"\n<p>Redacci\u00f3n\/Zona Roja.<\/p>\n\n\n\n<p>Oaxaca de Ju\u00e1rez, Oax., 6 de abril de 2021.- Las ni\u00f1as y los ni\u00f1os han estado m\u00e1s indefensos e invisibles ante la violencia intrafamiliar y el abuso sexual durante la pandemia, consider\u00f3 el Grupo de Estudios sobre la Mujer \u201cRosario Castellanos\u201d (GES Mujer).<\/p>\n\n\n\n<p>En un comunicado, indic\u00f3 que a poco m\u00e1s de un a\u00f1o de la contingencia sanitaria causada por el Covid-19, la vida de todas las personas ha sido impactada de diversas formas, algunas de ellas de forma negativa, con el incremento de las brechas y problem\u00e1ticas que ya se enfrentaban previamente a la pandemia.<\/p>\n\n\n\n<p>\u201cNo todas las familias han estado seguras dentro su hogar, no s\u00f3lo por la preocupaci\u00f3n de contagio, sino tambi\u00e9n por conflictos internos que atraviesan; como las carencias econ\u00f3micas, acostumbrarse las jornadas de trabajo o de estudio de manera virtual, as\u00ed como a quienes se han enfrentado a casos de trastornos conductuales por el confinamiento, la violencia intrafamiliar o incluso de abuso sexual infantil\u201d, expuso.<\/p>\n\n\n\n<p>Por ello, detall\u00f3, en el marco del 30 de abril, d\u00eda de la ni\u00f1ez, el GES Mujer, tiene el inter\u00e9s de dedicar el ciclo de charlas del mes de abril, a la atenci\u00f3n de las infancias, desde un enfoque de g\u00e9nero en el contexto de la pandemia por Covid-19.<\/p>\n\n\n\n<p>Inicia el mi\u00e9rcoles 7 de abril, para hablar sobre la \u201cSalud emocional de las ni\u00f1as y ni\u00f1os en la etapa de confinamiento\u201d con la maestra en psicolog\u00eda Mar\u00eda Elena S\u00e1nchez.<\/p>\n\n\n\n<p>Contin\u00faa el mi\u00e9rcoles 14 de abril, con la participaci\u00f3n de la licenciada en pedagog\u00eda Lidia Iliana Jim\u00e9nez Rasgado y la maestra en comunicaci\u00f3n Haydee Ramos Cadena, integrantes del colectivo \u201cPeque espacio feminista\u201d, especialista en la atenci\u00f3n de las infancias, a trav\u00e9s de la expresi\u00f3n art\u00edstica con perspectiva de g\u00e9nero. Para que nos inviten a reflexionar y trabajar en la \u201cAutonom\u00eda y autocuidado en las ni\u00f1as\u201d.<\/p>\n\n\n\n<p>El 21 de abril destinar\u00e1n este espacio para charlar acerca de las \u201cNuevas masculinidades en la infancia\u201d con la maestra en psicolog\u00eda Ivonne G\u00f3mez y G\u00f3mez y el doctor en pisicoterapia H\u00e9ctor Alejandro Valle L\u00f3pez.<\/p>\n\n\n\n<p>Cerrar\u00e1 este ciclo de charlas tocando el tema de la \u201cPrevenci\u00f3n del abuso sexual infantil\u201d, el mi\u00e9rcoles 28 de abril, con la charla impartida por la organizaci\u00f3n civil Infancia Com\u00fan, quienes se encuentran trabajando en la campa\u00f1a \u00abMi cuerpo es M\u00edo\u00bb, la cual busca empoderar y fortalecer a ni\u00f1as y mujeres frente al abuso sexual infantil en Oaxaca.<\/p>\n\n\n\n<p>Todas las videocharlas ser\u00e1n transmitidas en vivo, los d\u00edas mi\u00e9rcoles de este mes de abril, en punto de las 17:00 horas, a trav\u00e9s de fan page de Facebook del GESMujer: @gesmujer.rosario.castellanos.ac.<\/p>\n","protected":false},"excerpt":{"rendered":"<p>Redacci\u00f3n\/Zona Roja. Oaxaca de Ju\u00e1rez, Oax., 6 de abril de 2021.- Las ni\u00f1as y los&hellip;<\/p>\n","protected":false},"author":2,"featured_media":17740,"comment_status":"closed","ping_status":"open","sticky":false,"template":"","format":"standard","meta":{"_lmt_disableupdate":"","_lmt_disable":"","_jetpack_memberships_contains_paid_content":false,"footnotes":""},"categories":[109,46],"tags":[524],"class_list":["post-25606","post","type-post","status-publish","format-standard","has-post-thumbnail","hentry","category-minuto-a-minuto","category-zona-blanca","tag-ges-mujer"],"jetpack_featured_media_url":"https:\/\/zonaroja.com.mx\/wp-content\/uploads\/2020\/09\/Oficinas-GES-Mujer.jpg","jetpack_sharing_enabled":true,"_links":{"self":[{"href":"https:\/\/zonaroja.com.mx\/index.php?rest_route=\/wp\/v2\/posts\/25606","targetHints":{"allow":["GET"]}}],"collection":[{"href":"https:\/\/zonaroja.com.mx\/index.php?rest_route=\/wp\/v2\/posts"}],"about":[{"href":"https:\/\/zonaroja.com.mx\/index.php?rest_route=\/wp\/v2\/types\/post"}],"author":[{"embeddable":true,"href":"https:\/\/zonaroja.com.mx\/index.php?rest_route=\/wp\/v2\/users\/2"}],"replies":[{"embeddable":true,"href":"https:\/\/zonaroja.com.mx\/index.php?rest_route=%2Fwp%2Fv2%2Fcomments&post=25606"}],"version-history":[{"count":1,"href":"https:\/\/zonaroja.com.mx\/index.php?rest_route=\/wp\/v2\/posts\/25606\/revisions"}],"predecessor-version":[{"id":25607,"href":"https:\/\/zonaroja.com.mx\/index.php?rest_route=\/wp\/v2\/posts\/25606\/revisions\/25607"}],"wp:featuredmedia":[{"embeddable":true,"href":"https:\/\/zonaroja.com.mx\/index.php?rest_route=\/wp\/v2\/media\/17740"}],"wp:attachment":[{"href":"https:\/\/zonaroja.com.mx\/index.php?rest_route=%2Fwp%2Fv2%2Fmedia&parent=25606"}],"wp:term":[{"taxonomy":"category","embeddable":true,"href":"https:\/\/zonaroja.com.mx\/index.php?rest_route=%2Fwp%2Fv2%2Fcategories&post=25606"},{"taxonomy":"post_tag","embeddable":true,"href":"https:\/\/zonaroja.com.mx\/index.php?rest_route=%2Fwp%2Fv2%2Ftags&post=25606"}],"curies":[{"name":"wp","href":"https:\/\/api.w.org\/{rel}","templated":true}]}}