{"id":25612,"date":"2021-04-06T08:23:02","date_gmt":"2021-04-06T13:23:02","guid":{"rendered":"http:\/\/www.zonaroja.com.mx\/?p=25612"},"modified":"2021-04-06T10:33:44","modified_gmt":"2021-04-06T15:33:44","slug":"coatlanes-narcotrafico-y-disputas-agrarias-dejan-16-muertos-en-tres-anos","status":"publish","type":"post","link":"https:\/\/zonaroja.com.mx\/?p=25612","title":{"rendered":"Coatlanes: narcotr\u00e1fico y disputas agrarias dejan 16 muertos en tres a\u00f1os"},"content":{"rendered":"\n<p>Yuridiana Sosa\/Zona Roja.<\/p>\n\n\n\n<p>Oaxaca de Ju\u00e1rez, Oax., 6 de abril de 2021.- La violencia se ha apoderado de la zona de Coatlanes, entre Valles Centrales y la Sierra Sur de Oaxaca, donde en el transcurso de menos de tres a\u00f1os 16 personas han sido ejecutadas en emboscadas.<\/p>\n\n\n\n<p>Las razones, de acuerdo con fuentes militares y del gobierno federal, la siembra y tr\u00e1fico de estupefacientes en esa parte del estado, colindante con Sola de Vega.<\/p>\n\n\n\n<p>Las acciones violentas y demandas de los pobladores de la zona han afectado tambi\u00e9n el retraso de la construcci\u00f3n de la supercarretera Oaxaca-Costa, en el tramo Barranca Larga-Ventanilla, particularmente en la jurisdicci\u00f3n de los Coatlanes.<\/p>\n\n\n\n<p>Candidatos, militantes pol\u00edticos, m\u00fasicos y polic\u00edas, en su mayor\u00eda, han sido v\u00edctimas de ataques armados entre junio de 2018 a abril de este a\u00f1o, sin que exista justicia por cada uno de los casos.<\/p>\n\n\n\n<p>La emboscada del pasado 3 de abril contra elementos de la Polic\u00eda Municipal de San Pablo Coatl\u00e1n, es el hecho m\u00e1s reciente que evidencia la zona de impunidad a favor de los grupos armados.<\/p>\n\n\n\n<p>Los uniformados tambi\u00e9n fueron calcinados y de acuerdo a la Fiscal\u00eda General de Oaxaca las v\u00edctimas, dos varones y una mujer, fueron presuntamente atacados con arma larga tipo R-15, as\u00ed como de calibre 7.62 mil\u00edmetros.<\/p>\n\n\n\n<p>La patrulla fue hallada en la supercarretera Oaxaca-Costa, en el tramo Barranca Larga-Ventanilla, jurisdicci\u00f3n de dicho municipio.<\/p>\n\n\n\n<p>Pero este mismo a\u00f1o, en enero, tres integrantes de la banda musical \u201cReyna Zapoteca\u201d tambi\u00e9n fueron ejecutados por un grupo armado en la zona de Coatlanes.<\/p>\n\n\n\n<p>El hecho violento se registr\u00f3 la madrugada del 6 de enero cuando los m\u00fasicos, de 18 y 19 a\u00f1os, transitaban en el tramo Barranca Larga-Ventanilla de la supercarretera.<\/p>\n\n\n\n<p>Los j\u00f3venes eran originarios de la comunidad de San Vicente Coatl\u00e1n y hab\u00edan asistido a la festividad patronal al templo de San Pedro Coatl\u00e1n, pero al regreso fueron asesinados.<\/p>\n\n\n\n<p>M\u00daLTIPLE HOMICIDIO A POLIC\u00cdAS<\/p>\n\n\n\n<p>En noviembre de 2019 se registr\u00f3 uno de los eventos m\u00e1s violentos contra elementos de la Polic\u00eda Estatal, ocurrido en San Vicente Coatl\u00e1n, en Valles Centrales. El saldo fue de cinco polic\u00edas asesinados y uno m\u00e1s herido.<\/p>\n\n\n\n<p>Los polic\u00edas, de la Secretar\u00eda de Seguridad P\u00fablica de Oaxaca, fueron v\u00edctima de una emboscada en el paraje \u201cLa Cementera\u201d mientras realizaban un recorrido de rutina en la zona, cuando fueron atacados presuntamente por pobladores.<\/p>\n\n\n\n<p>La Fiscal\u00eda General del Estado anunci\u00f3 en ese momento que abri\u00f3 la carpeta de investigaci\u00f3n 38897\/FVCE\/Ejutla\/2019 por los delitos de homicidio y lesiones.<\/p>\n\n\n\n<p>CONTRA CANDIDATO<\/p>\n\n\n\n<p>La crisis en la zona fue notaria en junio de 2018 durante la campa\u00f1a electoral.<\/p>\n\n\n\n<p>En una emboscada fueron asesinados el candidato a diputado local de Morena por el Distrito 21 de Ejutla, Emigdio L\u00f3pez, y cuatro personas m\u00e1s de su equipo, adem\u00e1s de dos personas lesionadas.<\/p>\n\n\n\n<p>El ataque armado se registr\u00f3 unos metros del entronque con la autopista Barranca Larga-Ventanilla, en el camino a San Vicente Coatl\u00e1n, donde fueron acribillados por presuntos pobladores de esa comunidad.<\/p>\n\n\n\n<p>Entre los reportes policiales de aquella fecha se dio a conocer que los atacantes dispararon contra los actores pol\u00edticos m\u00e1s de un centenar de balazos de armas de alto calibre, como son AR-15 del calibre .223 y AK-47, calibre 7.42.<\/p>\n\n\n\n<p>A\u00f1os antes, en 2016, en San Pablo Coatl\u00e1n tambi\u00e9n se registr\u00f3 el ataque armado al edil de esa poblaci\u00f3n, Abraham L\u00f3pez Mart\u00ednez. La autoridad result\u00f3 ilesa y su escolta con una herida en el brazo.<\/p>\n\n\n\n<p>Meses antes, en noviembre de 2015, el edil fue se\u00f1alado de estar involucrado en una balacera registrada en la agencia municipal de San Francisco Coatl\u00e1n tras una reuni\u00f3n de habitantes.<\/p>\n\n\n\n<p>Y HASTA BLOQUEOS<\/p>\n\n\n\n<p>La zona de Coatlanes tambi\u00e9n ha destacado por sus manifestaciones, la m\u00e1s reciente ocurrida al inicio del mes de marzo un bloqueo carretero en inmediaciones de San Vicente Coatl\u00e1n, lo que deriv\u00f3 en la suspensi\u00f3n de la obra carretera en el tramo de la supercarretera Barranca Larga-Ventanilla.<\/p>\n\n\n\n<p>Los habitantes se inconformaron por un conflicto agrario que padecen desde hace de medio siglo con la Villa Sola de Vega, por el cual se han desatado otros hechos violentos como robo de ganado, agresiones a comuneros con arma de fuego, asesinato de m\u00e1s 32 personas y un desaparecido, sin que la autoridad estatal intervenga dar soluci\u00f3n.<\/p>\n\n\n\n<p>La zona de los coatlanes se le denomina a la microrregi\u00f3n conformada por municipios y agencias como San Vicente Coatl\u00e1n, San Francisco Coatl\u00e1n, San Pablo Coatl\u00e1n, San Jer\u00f3nimo Coatl\u00e1n, San Miguel Coatl\u00e1n y San Sebasti\u00e1n Coatl\u00e1n.<\/p>\n","protected":false},"excerpt":{"rendered":"<p>Yuridiana Sosa\/Zona Roja. Oaxaca de Ju\u00e1rez, Oax., 6 de abril de 2021.- La violencia se&hellip;<\/p>\n","protected":false},"author":2,"featured_media":5578,"comment_status":"closed","ping_status":"open","sticky":false,"template":"","format":"standard","meta":{"_lmt_disableupdate":"","_lmt_disable":"","_jetpack_memberships_contains_paid_content":false,"footnotes":""},"categories":[109,47],"tags":[2575,979],"class_list":["post-25612","post","type-post","status-publish","format-standard","has-post-thumbnail","hentry","category-minuto-a-minuto","category-zona-gris","tag-san-pablo-coatlan","tag-san-vicente-coatlan"],"jetpack_featured_media_url":"https:\/\/zonaroja.com.mx\/wp-content\/uploads\/2019\/11\/Masacre-polic\u00edas-Coatl\u00e1n-4.jpg","jetpack_sharing_enabled":true,"_links":{"self":[{"href":"https:\/\/zonaroja.com.mx\/index.php?rest_route=\/wp\/v2\/posts\/25612","targetHints":{"allow":["GET"]}}],"collection":[{"href":"https:\/\/zonaroja.com.mx\/index.php?rest_route=\/wp\/v2\/posts"}],"about":[{"href":"https:\/\/zonaroja.com.mx\/index.php?rest_route=\/wp\/v2\/types\/post"}],"author":[{"embeddable":true,"href":"https:\/\/zonaroja.com.mx\/index.php?rest_route=\/wp\/v2\/users\/2"}],"replies":[{"embeddable":true,"href":"https:\/\/zonaroja.com.mx\/index.php?rest_route=%2Fwp%2Fv2%2Fcomments&post=25612"}],"version-history":[{"count":2,"href":"https:\/\/zonaroja.com.mx\/index.php?rest_route=\/wp\/v2\/posts\/25612\/revisions"}],"predecessor-version":[{"id":25614,"href":"https:\/\/zonaroja.com.mx\/index.php?rest_route=\/wp\/v2\/posts\/25612\/revisions\/25614"}],"wp:featuredmedia":[{"embeddable":true,"href":"https:\/\/zonaroja.com.mx\/index.php?rest_route=\/wp\/v2\/media\/5578"}],"wp:attachment":[{"href":"https:\/\/zonaroja.com.mx\/index.php?rest_route=%2Fwp%2Fv2%2Fmedia&parent=25612"}],"wp:term":[{"taxonomy":"category","embeddable":true,"href":"https:\/\/zonaroja.com.mx\/index.php?rest_route=%2Fwp%2Fv2%2Fcategories&post=25612"},{"taxonomy":"post_tag","embeddable":true,"href":"https:\/\/zonaroja.com.mx\/index.php?rest_route=%2Fwp%2Fv2%2Ftags&post=25612"}],"curies":[{"name":"wp","href":"https:\/\/api.w.org\/{rel}","templated":true}]}}