{"id":25615,"date":"2021-04-06T15:51:50","date_gmt":"2021-04-06T20:51:50","guid":{"rendered":"http:\/\/www.zonaroja.com.mx\/?p=25615"},"modified":"2021-04-06T15:51:56","modified_gmt":"2021-04-06T20:51:56","slug":"mas-de-500-personas-con-reacciones-a-vacuna-de-covid-en-oaxaca-8-graves","status":"publish","type":"post","link":"https:\/\/zonaroja.com.mx\/?p=25615","title":{"rendered":"M\u00e1s de 500 personas con reacciones a vacuna de Covid en Oaxaca; 8 graves"},"content":{"rendered":"\n<p>Evlin Arag\u00f3n\/Zona Roja.<\/p>\n\n\n\n<p>Oaxaca de Ju\u00e1rez, Oax., 6 de abril de 2021.- M\u00e1s de 500 personas han presentado alg\u00fan tipo de reacci\u00f3n a las vacunas contra Covid-19 que se han aplicado en el estado de Oaxaca, ello como parte de la jornada para inmunizar al personal m\u00e9dico y la poblaci\u00f3n adulta mayor.&nbsp;<\/p>\n\n\n\n<p>De acuerdo con datos del panorama estatal proporcionados por los Servicios de Salud de Oaxaca (SSO), son 557 casos notificados, de los cuales 550 fueron no graves y siete graves en la aplicaci\u00f3n de la vacuna Pfizer-BioNTech.<\/p>\n\n\n\n<p>Los casos graves, en personas de 35 y 56 a\u00f1os de edad presentaron choque anafil\u00e1ctico, debido a antecedentes m\u00faltiples y alergias a f\u00e1rmacos; mientras que, en la poblaci\u00f3n de 26 y 38 a\u00f1os, fue edema pulmonar y aneurisma.<\/p>\n\n\n\n<p>As\u00ed mismo en pacientes de 26, 56 y 60 a\u00f1os de edad, las complicaciones trajeron consigo: neumon\u00eda, Covid-19 y Hemorragia subaracnoidea-HAT, respectivamente, por lo que recibieron atenci\u00f3n m\u00e9dica especializada.&nbsp;<\/p>\n\n\n\n<p>Mientras que los s\u00edntomas en casos no graves fueron: cefalea, dolor y sensibilidad en la zona de aplicaci\u00f3n, astenia y mialgias.<\/p>\n\n\n\n<p>La poblaci\u00f3n menor a los 47 a\u00f1os ha resultado la de mayor incidencia en s\u00edntomas posteriores a la vacuna, tomando en cuenta que el personal de salud tambi\u00e9n ha sido inmunizado en la entidad.&nbsp;<\/p>\n\n\n\n<p>Por su parte, el biol\u00f3gico de AztraZeneca s\u00f3lo ha causado afectaciones no graves en nueve personas, siendo: cefalea, fiebre, escalofr\u00edos y mialgias los principales s\u00edntomas.<\/p>\n\n\n\n<p>Y finalmente, Sinovac ha reportado una persona de 65 a\u00f1os de edad con complicaciones graves, misma que desarrollo un s\u00edndrome doloroso abdominal, dificultad respiratoria, polipnea y desequilibrio hidroel\u00e9ctrico.&nbsp;<\/p>\n\n\n\n<p>Cuatro personas m\u00e1s reportaron consecuencias no graves tras la inmunizaci\u00f3n, siendo la cefalea, adinamia, astenia y mareos, los principales s\u00edntomas.&nbsp;<\/p>\n\n\n\n<p>Hasta el momento Oaxaca reporta 43 mil 861 contagios confirmados, de los cuales 225 se mantienen activos, y tres mil 253 defunciones, siendo Valles Centrales, Istmo y Cuenca las regiones con mayor mortandad.&nbsp;<\/p>\n","protected":false},"excerpt":{"rendered":"<p>Evlin Arag\u00f3n\/Zona Roja. Oaxaca de Ju\u00e1rez, Oax., 6 de abril de 2021.- M\u00e1s de 500&hellip;<\/p>\n","protected":false},"author":2,"featured_media":24613,"comment_status":"closed","ping_status":"open","sticky":false,"template":"","format":"standard","meta":{"_lmt_disableupdate":"","_lmt_disable":"","_jetpack_memberships_contains_paid_content":false,"footnotes":""},"categories":[109,47],"tags":[1512],"class_list":["post-25615","post","type-post","status-publish","format-standard","has-post-thumbnail","hentry","category-minuto-a-minuto","category-zona-gris","tag-coronavirus-oaxaca"],"jetpack_featured_media_url":"https:\/\/zonaroja.com.mx\/wp-content\/uploads\/2021\/03\/Vacunacion-anti-covid.jpeg","jetpack_sharing_enabled":true,"_links":{"self":[{"href":"https:\/\/zonaroja.com.mx\/index.php?rest_route=\/wp\/v2\/posts\/25615","targetHints":{"allow":["GET"]}}],"collection":[{"href":"https:\/\/zonaroja.com.mx\/index.php?rest_route=\/wp\/v2\/posts"}],"about":[{"href":"https:\/\/zonaroja.com.mx\/index.php?rest_route=\/wp\/v2\/types\/post"}],"author":[{"embeddable":true,"href":"https:\/\/zonaroja.com.mx\/index.php?rest_route=\/wp\/v2\/users\/2"}],"replies":[{"embeddable":true,"href":"https:\/\/zonaroja.com.mx\/index.php?rest_route=%2Fwp%2Fv2%2Fcomments&post=25615"}],"version-history":[{"count":1,"href":"https:\/\/zonaroja.com.mx\/index.php?rest_route=\/wp\/v2\/posts\/25615\/revisions"}],"predecessor-version":[{"id":25616,"href":"https:\/\/zonaroja.com.mx\/index.php?rest_route=\/wp\/v2\/posts\/25615\/revisions\/25616"}],"wp:featuredmedia":[{"embeddable":true,"href":"https:\/\/zonaroja.com.mx\/index.php?rest_route=\/wp\/v2\/media\/24613"}],"wp:attachment":[{"href":"https:\/\/zonaroja.com.mx\/index.php?rest_route=%2Fwp%2Fv2%2Fmedia&parent=25615"}],"wp:term":[{"taxonomy":"category","embeddable":true,"href":"https:\/\/zonaroja.com.mx\/index.php?rest_route=%2Fwp%2Fv2%2Fcategories&post=25615"},{"taxonomy":"post_tag","embeddable":true,"href":"https:\/\/zonaroja.com.mx\/index.php?rest_route=%2Fwp%2Fv2%2Ftags&post=25615"}],"curies":[{"name":"wp","href":"https:\/\/api.w.org\/{rel}","templated":true}]}}