{"id":25618,"date":"2021-04-06T16:29:04","date_gmt":"2021-04-06T21:29:04","guid":{"rendered":"http:\/\/www.zonaroja.com.mx\/?p=25618"},"modified":"2021-04-06T16:29:07","modified_gmt":"2021-04-06T21:29:07","slug":"tono-amaro-recibe-respaldo-de-cientos-de-cuenquenos-durante-inicio-de-campana","status":"publish","type":"post","link":"https:\/\/zonaroja.com.mx\/?p=25618","title":{"rendered":"To\u00f1o Amaro recibe respaldo de cientos de cuenque\u00f1os durante inicio de campa\u00f1a"},"content":{"rendered":"\n<p>Redacci\u00f3n\/Zona Roja.<\/p>\n\n\n\n<p>Oaxaca de Ju\u00e1rez, Oax., 6 de abril de 2021.- El candidato a diputado federal por el Distrito 01 de la coalici\u00f3n de los Partidos Acci\u00f3n Nacional, Revolucionario Institucional y de la Revoluci\u00f3n Democr\u00e1tica, con cabecera en San Juan Bautista Tuxtepec, Antonio Amaro Cancino -To\u00f1o Amaro- y su suplente Luis Felipe Reyes Pital\u00faa, recibieron el cari\u00f1o y respaldo de cientos de cuenque\u00f1os durante el inicio de campa\u00f1a que se transmiti\u00f3 a trav\u00e9s de redes sociales, este lunes 5 de abril de 2021.<\/p>\n\n\n\n<p>Con estricto apego a los protocolos sanitarios que emiti\u00f3 el Instituto Nacional Electoral (INE) y el Consejo de Salubridad General por la pandemia de la Covid-19, To\u00f1o Amaro conect\u00f3 su mensaje con cerca de mil 500 militantes del PAN, PRI y PRD que mostraron su apoyo a trav\u00e9s de zoom, mientras que en la red social Facebook, se sumaron m\u00e1s de cinco mil espectadores.<\/p>\n\n\n\n<p>En este foro virtual, To\u00f1o Amaro ponder\u00f3 la fuerza y la unidad de los tres partidos pol\u00edticos, que hoy hacen historia en favor de miles de mexicanas y mexicanos y a\u00f1adi\u00f3 que las improvisaciones y el divisionismo no tienen cabida en este proyecto de \u201cVa Por M\u00e9xico\u201d.<\/p>\n\n\n\n<p>Hoy son tiempos de generosidad pol\u00edtica, de poner por delante el inter\u00e9s general de nuestra patria, de nuestro estado, de nuestra regi\u00f3n, porque aqu\u00ed est\u00e1n nuestras ra\u00edces y porque esa es la funci\u00f3n de un representante popular, dijo.<\/p>\n\n\n\n<p>\u201cTrabajar\u00e9 por el inter\u00e9s de Oaxaca y del pa\u00eds, pero mi prioridad ser\u00e1 el desarrollo de la Cuenca del Papaloapan para que sus familias vivan con la dignidad y el decoro que nuestra regi\u00f3n merece\u201d, asegur\u00f3.<\/p>\n\n\n\n<p>A este inicio de campa\u00f1a, asistieron l\u00edderes pol\u00edticos de la Cuenca del Papaloapan, entre ellos, Alejandro Avil\u00e9s \u00c1lvarez, Eviel P\u00e9rez Maga\u00f1a, Gabriel Cu\u00e9 Sacre, Sergio Loyo Ortega, Amairani Morales Valenzuela, Gustavo D\u00edaz S\u00e1nchez, Felipe Reyes \u00c1lvarez, Mar\u00eda de Jes\u00fas Mendoza S\u00e1nchez, entre otras personalidades que mostraron la fuerza de la coalici\u00f3n \u201cVa por M\u00e9xico\u201d.<\/p>\n\n\n\n<p>Mientras que v\u00eda zoom, Adriana D\u00edaz Contreras, Secretaria General de la Direcci\u00f3n General Ejecutiva del PRD, reforz\u00f3 el mensaje de unidad, con el que iniciaron los tres partidos pol\u00edticos esta contienda electoral, y no dud\u00f3 en se\u00f1alar que To\u00f1o Amaro ser\u00e1 el pr\u00f3ximo diputado federal por el Distrito 01 Tuxtepec.<\/p>\n\n\n\n<p>Del mismo modo, Luis Z\u00e1rate Arag\u00f3n, delegado del Comit\u00e9 Directivo Estatal del PAN, llam\u00f3 a las y los militantes de Acci\u00f3n Nacional a fortalecer el proyecto de To\u00f1o Amaro para hacer frente a los retos que hoy enfrenta M\u00e9xico.<\/p>\n","protected":false},"excerpt":{"rendered":"<p>Redacci\u00f3n\/Zona Roja. Oaxaca de Ju\u00e1rez, Oax., 6 de abril de 2021.- El candidato a diputado&hellip;<\/p>\n","protected":false},"author":2,"featured_media":25619,"comment_status":"closed","ping_status":"open","sticky":false,"template":"","format":"standard","meta":{"_lmt_disableupdate":"","_lmt_disable":"","_jetpack_memberships_contains_paid_content":false,"footnotes":""},"categories":[109,46],"tags":[2348],"class_list":["post-25618","post","type-post","status-publish","format-standard","has-post-thumbnail","hentry","category-minuto-a-minuto","category-zona-blanca","tag-elecciones-oaxaca-2021"],"jetpack_featured_media_url":"https:\/\/zonaroja.com.mx\/wp-content\/uploads\/2021\/04\/Campana-Antonio-Amaro-Cancino.jpg","jetpack_sharing_enabled":true,"_links":{"self":[{"href":"https:\/\/zonaroja.com.mx\/index.php?rest_route=\/wp\/v2\/posts\/25618","targetHints":{"allow":["GET"]}}],"collection":[{"href":"https:\/\/zonaroja.com.mx\/index.php?rest_route=\/wp\/v2\/posts"}],"about":[{"href":"https:\/\/zonaroja.com.mx\/index.php?rest_route=\/wp\/v2\/types\/post"}],"author":[{"embeddable":true,"href":"https:\/\/zonaroja.com.mx\/index.php?rest_route=\/wp\/v2\/users\/2"}],"replies":[{"embeddable":true,"href":"https:\/\/zonaroja.com.mx\/index.php?rest_route=%2Fwp%2Fv2%2Fcomments&post=25618"}],"version-history":[{"count":1,"href":"https:\/\/zonaroja.com.mx\/index.php?rest_route=\/wp\/v2\/posts\/25618\/revisions"}],"predecessor-version":[{"id":25620,"href":"https:\/\/zonaroja.com.mx\/index.php?rest_route=\/wp\/v2\/posts\/25618\/revisions\/25620"}],"wp:featuredmedia":[{"embeddable":true,"href":"https:\/\/zonaroja.com.mx\/index.php?rest_route=\/wp\/v2\/media\/25619"}],"wp:attachment":[{"href":"https:\/\/zonaroja.com.mx\/index.php?rest_route=%2Fwp%2Fv2%2Fmedia&parent=25618"}],"wp:term":[{"taxonomy":"category","embeddable":true,"href":"https:\/\/zonaroja.com.mx\/index.php?rest_route=%2Fwp%2Fv2%2Fcategories&post=25618"},{"taxonomy":"post_tag","embeddable":true,"href":"https:\/\/zonaroja.com.mx\/index.php?rest_route=%2Fwp%2Fv2%2Ftags&post=25618"}],"curies":[{"name":"wp","href":"https:\/\/api.w.org\/{rel}","templated":true}]}}