{"id":25621,"date":"2021-04-06T17:43:44","date_gmt":"2021-04-06T22:43:44","guid":{"rendered":"http:\/\/www.zonaroja.com.mx\/?p=25621"},"modified":"2021-04-06T20:06:40","modified_gmt":"2021-04-07T01:06:40","slug":"el-insabi-ordena-a-sso-recontratacion-de-ex-trabajadores-de-seguro-popular","status":"publish","type":"post","link":"https:\/\/zonaroja.com.mx\/?p=25621","title":{"rendered":"El Insabi ordena a SSO recontrataci\u00f3n de ex trabajadores de Seguro Popular"},"content":{"rendered":"\n<p>Yuridiana Sosa\/Zona Roja.<\/p>\n\n\n\n<p>Oaxaca de Ju\u00e1rez, Oax., 6 de abril de 2021.- El Sindicato Independiente de Trabajadores del Sector Salud (SITSS) anunci\u00f3 que el Instituto de Salud para el Bienestar (Insabi) autoriz\u00f3 y demand\u00f3 a los Servicios de Salud de Oaxaca (SSO) la recontrataci\u00f3n de alrededor de 220 ex trabajadores del extinto R\u00e9gimen Estatal de Protecci\u00f3n Social en Salud, conocido como Seguro Popular.<\/p>\n\n\n\n<p>En conferencia de prensa, la secretaria general del SITSS, Mar\u00eda del Carmen Noriega, se\u00f1al\u00f3 que en la reuni\u00f3n efectuada ayer lunes con la autoridad federal del Insabi los resultados fueron favorables, acordando que Oaxaca ser\u00e1 la primera entidad en la que se ponga en marcha la prueba piloto con personal denominado gestores y promotores de salud.<\/p>\n\n\n\n<p>El encuentro y los acuerdos alcanzados son resultado de una jornada de lucha con un \u201cplant\u00f3n\u201d que establecieron por 24 d\u00edas frente a las oficinas de la Secretar\u00eda de Salud de Oaxaca, en el Centro Hist\u00f3rico y la colonia Reforma, as\u00ed como un bloqueo.<\/p>\n\n\n\n<p>Con esta protesta y reuni\u00f3n del lunes tambi\u00e9n se logr\u00f3 que 350 trabajadores del programa U013, para la atenci\u00f3n a zonas marginadas, firmen nuevos contratos y reciban sus pagos atrasados desde enero de este a\u00f1o.<\/p>\n\n\n\n<figure class=\"wp-block-embed-twitter wp-block-embed is-type-rich is-provider-twitter\"><div class=\"wp-block-embed__wrapper\">\n<div class=\"twitter-tweet\"><blockquote class=\"twitter-tweet\" data-lang=\"es\"><p lang=\"es\" dir=\"ltr\"><a href=\"https:\/\/twitter.com\/hashtag\/ENVIVO?src=hash&amp;ref_src=twsrc%5Etfw\">#ENVIVO<\/a> <br>Oaxaca de Ju\u00e1rez, Oax., 6 de abril de 2021.- Conferencia de prensa del Sindicato Independiente del Sector Salud, de trabajadores de los Servicios de Salud de Oaxaca (<a href=\"https:\/\/twitter.com\/SSO_GobOax?ref_src=twsrc%5Etfw\">@SSO_GobOax<\/a>).<br><br>Siga la transmisi\u00f3n aqu\u00ed: <br>\ud83d\udc47<a href=\"https:\/\/t.co\/Tzce87BsJn\">https:\/\/t.co\/Tzce87BsJn<\/a> <a href=\"https:\/\/t.co\/BBphBKsFOP\">pic.twitter.com\/BBphBKsFOP<\/a><\/p>&mdash; Zona Roja Oaxaca (@Zona_Roja_Oax) <a href=\"https:\/\/twitter.com\/Zona_Roja_Oax\/status\/1379483022580400129?ref_src=twsrc%5Etfw\">6 de abril de 2021<\/a><\/blockquote><\/div>\n<\/div><\/figure>\n\n\n\n<p>LOS BENEFICIOS<\/p>\n\n\n\n<p>Por medio del programa piloto del Insabi , y para el cual los ex trabajadores del Seguro Popular ya deben estar contratados, se destinar\u00e1 a un m\u00e9dico, una enfermera y un promotor de salud a cada centro de salud de la entidad con el fin de dar mayor cobertura en atenci\u00f3n m\u00e9dica a la poblaci\u00f3n, explic\u00f3 la dirigente.<\/p>\n\n\n\n<p>A fin de lograr los objetivos, desde este ayer mismo se comenzaron a establecer las condiciones laborales y legales para la recontrataci\u00f3n inmediata, as\u00ed como reconocer las deficiencias a solventar en los centros de salud.<\/p>\n\n\n\n<p>El salario con el que reingresan al sistema de salud ser\u00e1 conforme al tabulador nacional, indic\u00f3 la secretaria general del sindicato.<\/p>\n\n\n\n<p>Expuso que el amparo que les otorg\u00f3 la justicia se mantiene en contra del titular de los SSO, Juan Carlos M\u00e1rquez Heine y contra la dependencia y no ceder\u00e1n en ello; adem\u00e1s, reanudar\u00e1n sus movilizaciones en caso de que el gobierno estatal no cumpla los acuerdos.<\/p>\n\n\n\n<p>Los sindicalizados recalcaron que su exigencia, manifestada en protesta ante la desatenci\u00f3n del gobierno estatal, estaba justificada legalmente, lo cual se comprob\u00f3 con el reconocimiento del Insabi para la nueva contrataci\u00f3n.<\/p>\n","protected":false},"excerpt":{"rendered":"<p>Yuridiana Sosa\/Zona Roja. Oaxaca de Ju\u00e1rez, Oax., 6 de abril de 2021.- El Sindicato Independiente&hellip;<\/p>\n","protected":false},"author":2,"featured_media":25622,"comment_status":"closed","ping_status":"open","sticky":false,"template":"","format":"standard","meta":{"_lmt_disableupdate":"","_lmt_disable":"","_jetpack_memberships_contains_paid_content":false,"footnotes":""},"categories":[109,46],"tags":[2585],"class_list":["post-25621","post","type-post","status-publish","format-standard","has-post-thumbnail","hentry","category-minuto-a-minuto","category-zona-blanca","tag-sindicato-independiente-de-trabajadores-del-sector-salud"],"jetpack_featured_media_url":"https:\/\/zonaroja.com.mx\/wp-content\/uploads\/2021\/04\/SITSS-Maria-del-Carmen-Noriega.jpg","jetpack_sharing_enabled":true,"_links":{"self":[{"href":"https:\/\/zonaroja.com.mx\/index.php?rest_route=\/wp\/v2\/posts\/25621","targetHints":{"allow":["GET"]}}],"collection":[{"href":"https:\/\/zonaroja.com.mx\/index.php?rest_route=\/wp\/v2\/posts"}],"about":[{"href":"https:\/\/zonaroja.com.mx\/index.php?rest_route=\/wp\/v2\/types\/post"}],"author":[{"embeddable":true,"href":"https:\/\/zonaroja.com.mx\/index.php?rest_route=\/wp\/v2\/users\/2"}],"replies":[{"embeddable":true,"href":"https:\/\/zonaroja.com.mx\/index.php?rest_route=%2Fwp%2Fv2%2Fcomments&post=25621"}],"version-history":[{"count":2,"href":"https:\/\/zonaroja.com.mx\/index.php?rest_route=\/wp\/v2\/posts\/25621\/revisions"}],"predecessor-version":[{"id":25628,"href":"https:\/\/zonaroja.com.mx\/index.php?rest_route=\/wp\/v2\/posts\/25621\/revisions\/25628"}],"wp:featuredmedia":[{"embeddable":true,"href":"https:\/\/zonaroja.com.mx\/index.php?rest_route=\/wp\/v2\/media\/25622"}],"wp:attachment":[{"href":"https:\/\/zonaroja.com.mx\/index.php?rest_route=%2Fwp%2Fv2%2Fmedia&parent=25621"}],"wp:term":[{"taxonomy":"category","embeddable":true,"href":"https:\/\/zonaroja.com.mx\/index.php?rest_route=%2Fwp%2Fv2%2Fcategories&post=25621"},{"taxonomy":"post_tag","embeddable":true,"href":"https:\/\/zonaroja.com.mx\/index.php?rest_route=%2Fwp%2Fv2%2Ftags&post=25621"}],"curies":[{"name":"wp","href":"https:\/\/api.w.org\/{rel}","templated":true}]}}