{"id":25624,"date":"2021-04-06T18:09:49","date_gmt":"2021-04-06T23:09:49","guid":{"rendered":"http:\/\/www.zonaroja.com.mx\/?p=25624"},"modified":"2021-04-06T20:06:21","modified_gmt":"2021-04-07T01:06:21","slug":"dirigente-de-morena-sesul-bonalos-niega-pago-a-jovenes-que-contrato","status":"publish","type":"post","link":"https:\/\/zonaroja.com.mx\/?p=25624","title":{"rendered":"Dirigente de Morena, Sesul Bo\u00f1alos, niega pago a j\u00f3venes que contrat\u00f3"},"content":{"rendered":"\n<p>Yuridiana Sosa\/Zona Roja.<\/p>\n\n\n\n<p>Oaxaca de Ju\u00e1rez, Oax., 6 de abril de 2021.- El dirigente del Comit\u00e9 Ejecutivo Estatal de Morena, Sesul Bola\u00f1os L\u00f3pez, dej\u00f3 sin el pago de sus salarios a medio centenar de j\u00f3venes contratados para registrar en la plataforma del Instituto Nacional Electoral los registros de los candidatos y quienes llegaron a cubrir jornadas mayores de 12 horas.<\/p>\n\n\n\n<p>As\u00ed lo dieron a conocer los afectados, quienes han buscado a los responsables de las contrataciones que realiz\u00f3 el comit\u00e9 que dirige Bola\u00f1os L\u00f3pez, en contubernio con Ver\u00f3nica Casta\u00f1eda, sin que nadie los atienda, incluso, ante su llegada en grupo afuera de las instalaciones del Comit\u00e9 Ejecutivo les cerraron la puerta.<\/p>\n\n\n\n<p>Nalley, una de los j\u00f3venes contratados, indic\u00f3 que s\u00f3lo demandan el pago de su jornada de 15 d\u00edas ya devengada-a partir del de marzo-, por la que les prometieron un salario 300 pesos diarios, que dar\u00edan cuatro mil 500 en la quincena.<\/p>\n\n\n\n<p>Su actividad consisti\u00f3 en ingresar a la plataforma oficial del INE los datos de los candidatos de Morena, por la que algunos compa\u00f1eros pasaron las 12 horas de trabajo y hasta m\u00e1s.<\/p>\n\n\n\n<figure class=\"wp-block-embed-twitter wp-block-embed is-type-rich is-provider-twitter\"><div class=\"wp-block-embed__wrapper\">\n<div class=\"twitter-tweet\"><blockquote class=\"twitter-tweet\" data-lang=\"es\"><p lang=\"es\" dir=\"ltr\"><a href=\"https:\/\/twitter.com\/hashtag\/ENVIVO?src=hash&amp;ref_src=twsrc%5Etfw\">#ENVIVO<\/a> <br>Oaxaca de Ju\u00e1rez, Oax., 6 de abril de 2021.- J\u00f3venes contratados para subir registro de candidatos en l\u00ednea denuncian que el Partido Morena <a href=\"https:\/\/twitter.com\/hashtag\/Oaxaca?src=hash&amp;ref_src=twsrc%5Etfw\">#Oaxaca<\/a> y su presidente <a href=\"https:\/\/twitter.com\/SesulBolanos?ref_src=twsrc%5Etfw\">@SesulBolanos<\/a> se niegan a pagarles salario, tras devengarlos. <br>Siga transmisi\u00f3n:<br>\ud83d\udc47<a href=\"https:\/\/t.co\/Xo3GruxQ7F\">https:\/\/t.co\/Xo3GruxQ7F<\/a> <a href=\"https:\/\/t.co\/kDTPReoCld\">pic.twitter.com\/kDTPReoCld<\/a><\/p>&mdash; Zona Roja Oaxaca (@Zona_Roja_Oax) <a href=\"https:\/\/twitter.com\/Zona_Roja_Oax\/status\/1379513213969108995?ref_src=twsrc%5Etfw\">6 de abril de 2021<\/a><\/blockquote><\/div>\n<\/div><\/figure>\n\n\n\n<p>Entre los pretextos que d\u00edas antes recibieron por el partido sobre el atraso, fue que hab\u00edan realizado m\u00e1s contrataciones de las previstas; situaci\u00f3n que los afectados rechazaron como justificaci\u00f3n, pues ese es problema interno que deben resolverlo Morena sin afectarlos.<\/p>\n\n\n\n<p>Los ex empleados de Morena tambi\u00e9n denunciaron el exceso de documentos que les solicitaron para la contrataci\u00f3n y para lo cual fue necesario que algunos abrieran una cuenta de banco para que les aplicara el pago de trabajo.<\/p>\n\n\n\n<p>Incluso, Sesul Bola\u00f1os les argumentaba que ten\u00edan que dar tequio al partido, es decir hacer m\u00e9ritos y trabajar de manera gratuita; lo cual reprocharon, pues les dieron a firmar una hoja que signa como responsable Llasmin Mar\u00edn, del \u00e1rea de Movimiento de Personal, en que se formaliz\u00f3 relaci\u00f3n laboral con 57 j\u00f3venes pero a quienes les dice que no hay recursos para ello y tendr\u00e1n que trabajar de manera voluntaria.<\/p>\n\n\n\n<p>Finalmente tras la denuncia hacia los medios de comunicaci\u00f3n, los j\u00f3venes inconformes fueron atendidos pero de nueva cuenta les dieron largas para su pago. Hasta el momento no se ha concretado la liquidaci\u00f3n del trabajo realizado. <\/p>\n","protected":false},"excerpt":{"rendered":"<p>Yuridiana Sosa\/Zona Roja. Oaxaca de Ju\u00e1rez, Oax., 6 de abril de 2021.- El dirigente del&hellip;<\/p>\n","protected":false},"author":2,"featured_media":25625,"comment_status":"closed","ping_status":"open","sticky":false,"template":"","format":"standard","meta":{"_lmt_disableupdate":"","_lmt_disable":"","_jetpack_memberships_contains_paid_content":false,"footnotes":""},"categories":[109,47],"tags":[871],"class_list":["post-25624","post","type-post","status-publish","format-standard","has-post-thumbnail","hentry","category-minuto-a-minuto","category-zona-gris","tag-partido-morena-oaxaca"],"jetpack_featured_media_url":"https:\/\/zonaroja.com.mx\/wp-content\/uploads\/2021\/04\/Protestan-trabajadores-Morena.jpg","jetpack_sharing_enabled":true,"_links":{"self":[{"href":"https:\/\/zonaroja.com.mx\/index.php?rest_route=\/wp\/v2\/posts\/25624","targetHints":{"allow":["GET"]}}],"collection":[{"href":"https:\/\/zonaroja.com.mx\/index.php?rest_route=\/wp\/v2\/posts"}],"about":[{"href":"https:\/\/zonaroja.com.mx\/index.php?rest_route=\/wp\/v2\/types\/post"}],"author":[{"embeddable":true,"href":"https:\/\/zonaroja.com.mx\/index.php?rest_route=\/wp\/v2\/users\/2"}],"replies":[{"embeddable":true,"href":"https:\/\/zonaroja.com.mx\/index.php?rest_route=%2Fwp%2Fv2%2Fcomments&post=25624"}],"version-history":[{"count":2,"href":"https:\/\/zonaroja.com.mx\/index.php?rest_route=\/wp\/v2\/posts\/25624\/revisions"}],"predecessor-version":[{"id":25627,"href":"https:\/\/zonaroja.com.mx\/index.php?rest_route=\/wp\/v2\/posts\/25624\/revisions\/25627"}],"wp:featuredmedia":[{"embeddable":true,"href":"https:\/\/zonaroja.com.mx\/index.php?rest_route=\/wp\/v2\/media\/25625"}],"wp:attachment":[{"href":"https:\/\/zonaroja.com.mx\/index.php?rest_route=%2Fwp%2Fv2%2Fmedia&parent=25624"}],"wp:term":[{"taxonomy":"category","embeddable":true,"href":"https:\/\/zonaroja.com.mx\/index.php?rest_route=%2Fwp%2Fv2%2Fcategories&post=25624"},{"taxonomy":"post_tag","embeddable":true,"href":"https:\/\/zonaroja.com.mx\/index.php?rest_route=%2Fwp%2Fv2%2Ftags&post=25624"}],"curies":[{"name":"wp","href":"https:\/\/api.w.org\/{rel}","templated":true}]}}