{"id":25631,"date":"2021-04-06T20:56:22","date_gmt":"2021-04-07T01:56:22","guid":{"rendered":"http:\/\/www.zonaroja.com.mx\/?p=25631"},"modified":"2021-04-06T20:56:27","modified_gmt":"2021-04-07T01:56:27","slug":"treintena-de-normalistas-causa-caos-en-la-capital-demandas-atendidas","status":"publish","type":"post","link":"https:\/\/zonaroja.com.mx\/?p=25631","title":{"rendered":"Treintena de normalistas causa caos en la capital; demandas, atendidas"},"content":{"rendered":"\n<p>Evlin Arag\u00f3n\/Zona Roja.<\/p>\n\n\n\n<p>Oaxaca de Ju\u00e1rez, Oax., 6 de abril de 2021.- Sin la presencia de sus dirigentes, unos 30 estudiantes adheridos a la Coordinadora de Estudiantes Normales de Estado de Oaxaca (CENEO) salieron de nueva cuenta a las calles, este martes, y encabezaron una serie de bloqueos viales en el Centro Hist\u00f3rico de la ciudad.<\/p>\n\n\n\n<p>Desde temprana hora iniciaron con la \u201ctoma\u201d de autobuses del transporte p\u00fablico con los cuales se trasladaron al coraz\u00f3n de la ciudad, en donde despu\u00e9s del medio d\u00eda bloquearon el paso vehicular en las calles de Crespo, Morelos, Tinoco y Palacios, Independencia, D\u00edaz Ordaz e Hidalgo, ocasionando adem\u00e1s un intenso tr\u00e1fico en la zona.&nbsp;<\/p>\n\n\n\n<p>Tras ello, quemaron llantas en las vialidades, adem\u00e1s de afectar el tr\u00e1nsito vehicular.<\/p>\n\n\n\n<p>Previo a sus bloqueos, arribaron al Palacio de Gobierno en donde hicieron entrega de su pliego petitorio a las autoridades estatales, mismo que incluye la demanda de inversi\u00f3n en infraestructura educativa, pese a que desde hace un a\u00f1o no tienen clases presenciales, debido a la pandemia por Covid-19.&nbsp;<\/p>\n\n\n\n<p>En una breve conferencia ante los medios de comunicaci\u00f3n reclamaron que las justas demandas del estudiantado no han sido atendidas por las autoridades estatales, quienes se niegan a seguir formando normalistas pese a la necesidad de una educaci\u00f3n de calidad en Oaxaca.\u00a0<\/p>\n\n\n\n<figure class=\"wp-block-embed-twitter wp-block-embed is-type-rich is-provider-twitter\"><div class=\"wp-block-embed__wrapper\">\n<div class=\"twitter-tweet\"><blockquote class=\"twitter-tweet\" data-lang=\"es\"><p lang=\"es\" dir=\"ltr\"><a href=\"https:\/\/twitter.com\/hashtag\/ENVIVO?src=hash&amp;ref_src=twsrc%5Etfw\">#ENVIVO<\/a> <br>Estudiantes normalistas entregan pliego petitorio en la sede del Palacio de Gobierno de Oaxaca; entre sus demandas, infraestructura educativa, pese a que no hay clases presenciales. <br><br>Siga la transmisi\u00f3n:<br>\ud83d\udc47<a href=\"https:\/\/t.co\/MOxLYPwzSJ\">https:\/\/t.co\/MOxLYPwzSJ<\/a> <a href=\"https:\/\/t.co\/pYJw6ZH5u7\">pic.twitter.com\/pYJw6ZH5u7<\/a><\/p>&mdash; Zona Roja Oaxaca (@Zona_Roja_Oax) <a href=\"https:\/\/twitter.com\/Zona_Roja_Oax\/status\/1379489465828184071?ref_src=twsrc%5Etfw\">6 de abril de 2021<\/a><\/blockquote><\/div>\n<\/div><\/figure>\n\n\n\n<p>Explicaron que desde hace un mes han solicitado audiencia con autoridades que s\u00ed puedan dar respuesta a sus demandas, incluido el gobernador de Oaxaca, Alejandro Murat Hinojosa, ya que el argumento recurrente de quienes los han recibido, hasta el momento, es que no cuentan con la facultad para atender sus peticiones.&nbsp;&nbsp;<\/p>\n\n\n\n<p>Recordaron que, parte de sus demandas tienen que ver con la infraestructura educativa ya que aseguraron, aun con la pandemia, son temas que se deben atender; adem\u00e1s que se mantengan las matr\u00edculas al interior de las normales, la permanencia de las instituciones educativas y la asignaci\u00f3n de plazas de manera autom\u00e1tica, tambi\u00e9n forman parte de sus peticiones.&nbsp;<\/p>\n\n\n\n<p>Sin embargo, fuentes oficiales confirmaron que desde hace m\u00e1s de tres semanas en que protestaron, todas sus demandas han sido atendidas, principalmente sobre la contrataci\u00f3n de egresados.<\/p>\n\n\n\n<p>En tanto que la infraestructura y la no desaparici\u00f3n de las escuelas normales del pa\u00eds, depende de la Federaci\u00f3n.<\/p>\n","protected":false},"excerpt":{"rendered":"<p>Evlin Arag\u00f3n\/Zona Roja. Oaxaca de Ju\u00e1rez, Oax., 6 de abril de 2021.- Sin la presencia&hellip;<\/p>\n","protected":false},"author":2,"featured_media":25632,"comment_status":"closed","ping_status":"open","sticky":false,"template":"","format":"standard","meta":{"_lmt_disableupdate":"","_lmt_disable":"","_jetpack_memberships_contains_paid_content":false,"footnotes":""},"categories":[109,47],"tags":[],"class_list":["post-25631","post","type-post","status-publish","format-standard","has-post-thumbnail","hentry","category-minuto-a-minuto","category-zona-gris"],"jetpack_featured_media_url":"https:\/\/zonaroja.com.mx\/wp-content\/uploads\/2021\/04\/Normalistas-protestas.jpg","jetpack_sharing_enabled":true,"_links":{"self":[{"href":"https:\/\/zonaroja.com.mx\/index.php?rest_route=\/wp\/v2\/posts\/25631","targetHints":{"allow":["GET"]}}],"collection":[{"href":"https:\/\/zonaroja.com.mx\/index.php?rest_route=\/wp\/v2\/posts"}],"about":[{"href":"https:\/\/zonaroja.com.mx\/index.php?rest_route=\/wp\/v2\/types\/post"}],"author":[{"embeddable":true,"href":"https:\/\/zonaroja.com.mx\/index.php?rest_route=\/wp\/v2\/users\/2"}],"replies":[{"embeddable":true,"href":"https:\/\/zonaroja.com.mx\/index.php?rest_route=%2Fwp%2Fv2%2Fcomments&post=25631"}],"version-history":[{"count":1,"href":"https:\/\/zonaroja.com.mx\/index.php?rest_route=\/wp\/v2\/posts\/25631\/revisions"}],"predecessor-version":[{"id":25633,"href":"https:\/\/zonaroja.com.mx\/index.php?rest_route=\/wp\/v2\/posts\/25631\/revisions\/25633"}],"wp:featuredmedia":[{"embeddable":true,"href":"https:\/\/zonaroja.com.mx\/index.php?rest_route=\/wp\/v2\/media\/25632"}],"wp:attachment":[{"href":"https:\/\/zonaroja.com.mx\/index.php?rest_route=%2Fwp%2Fv2%2Fmedia&parent=25631"}],"wp:term":[{"taxonomy":"category","embeddable":true,"href":"https:\/\/zonaroja.com.mx\/index.php?rest_route=%2Fwp%2Fv2%2Fcategories&post=25631"},{"taxonomy":"post_tag","embeddable":true,"href":"https:\/\/zonaroja.com.mx\/index.php?rest_route=%2Fwp%2Fv2%2Ftags&post=25631"}],"curies":[{"name":"wp","href":"https:\/\/api.w.org\/{rel}","templated":true}]}}