{"id":25634,"date":"2021-04-06T21:06:32","date_gmt":"2021-04-07T02:06:32","guid":{"rendered":"http:\/\/www.zonaroja.com.mx\/?p=25634"},"modified":"2021-04-06T21:10:17","modified_gmt":"2021-04-07T02:10:17","slug":"sin-intervencion-de-segego-regidora-de-ayotzintepec-cumple-24-horas-retenida","status":"publish","type":"post","link":"https:\/\/zonaroja.com.mx\/?p=25634","title":{"rendered":"Sin intervenci\u00f3n de Segego, regidora de Ayotzintepec cumple 24 horas retenida"},"content":{"rendered":"\n<p>Yuridiana Sosa\/Zona Roja. Foto: TvBus<\/p>\n\n\n\n<p>San Juan Bautista Tuxtepec, Oax., 6 de abril de 2021.-Habitantes de la comunidad de San Pedro Ozumac\u00edn, del municipio de Ayotzintepec, en la regi\u00f3n de la Cuenca, retuvieron el lunes a la regidora de Educaci\u00f3n, para exigir al presidente municipal, V\u00edctor Mendoza Velasco, recurso del Ramo 33, Fondo III, que no han recibido por dos a\u00f1os.<\/p>\n\n\n\n<p>De acuerdo con autoridades locales, hasta la noche de este martes la funcionaria segu\u00eda privada de su libertad ante la desatenci\u00f3n del problema por parte del presidente municipal y de la Secretar\u00eda General de Gobierno de Oaxaca (Segego).<\/p>\n\n\n\n<p>Los inconformes retuvieron a la funcionaria municipal, identificada como Ninfa Mar\u00eda Salas P\u00e9rez, desde ayer, como medida de presi\u00f3n ante el incumplimiento del edil, quien desde el mes de diciembre firm\u00f3 un acuerdo con la comunidad para hacer entrega de los recursos, de acuerdo con informaci\u00f3n de Canal TVBus.<\/p>\n\n\n\n<p>Son cerca de cuatro millones de pesos los que no se han comprobado y est\u00e1n en riesgo de no recibir, a pesar que es de las comunidades m\u00e1s grandes de este municipio de la regi\u00f3n, aseguraron los pobladores.<\/p>\n\n\n\n<p>Por esta situaci\u00f3n, los habitantes exigen tambi\u00e9n la intervenci\u00f3n de la autoridad estatal, de la Secretar\u00eda General de Gobierno de Oaxaca.<\/p>\n\n\n\n<p>Esta no es la primera ocasi\u00f3n que pobladores de Ayotzintepec retienen a funcionarios municipales para exigir recursos o inconformarse con el gobierno de Mendoza Velasco, quien tambi\u00e9n ha sufrido en otras ocasiones de retenciones.<\/p>\n","protected":false},"excerpt":{"rendered":"<p>Yuridiana Sosa\/Zona Roja. Foto: TvBus San Juan Bautista Tuxtepec, Oax., 6 de abril de 2021.-Habitantes&hellip;<\/p>\n","protected":false},"author":2,"featured_media":25635,"comment_status":"closed","ping_status":"open","sticky":false,"template":"","format":"standard","meta":{"_lmt_disableupdate":"","_lmt_disable":"","_jetpack_memberships_contains_paid_content":false,"footnotes":""},"categories":[109,47],"tags":[1301],"class_list":["post-25634","post","type-post","status-publish","format-standard","has-post-thumbnail","hentry","category-minuto-a-minuto","category-zona-gris","tag-ayotzintepec"],"jetpack_featured_media_url":"https:\/\/zonaroja.com.mx\/wp-content\/uploads\/2021\/04\/Regidora-Ayotzintepec.jpg","jetpack_sharing_enabled":true,"_links":{"self":[{"href":"https:\/\/zonaroja.com.mx\/index.php?rest_route=\/wp\/v2\/posts\/25634","targetHints":{"allow":["GET"]}}],"collection":[{"href":"https:\/\/zonaroja.com.mx\/index.php?rest_route=\/wp\/v2\/posts"}],"about":[{"href":"https:\/\/zonaroja.com.mx\/index.php?rest_route=\/wp\/v2\/types\/post"}],"author":[{"embeddable":true,"href":"https:\/\/zonaroja.com.mx\/index.php?rest_route=\/wp\/v2\/users\/2"}],"replies":[{"embeddable":true,"href":"https:\/\/zonaroja.com.mx\/index.php?rest_route=%2Fwp%2Fv2%2Fcomments&post=25634"}],"version-history":[{"count":2,"href":"https:\/\/zonaroja.com.mx\/index.php?rest_route=\/wp\/v2\/posts\/25634\/revisions"}],"predecessor-version":[{"id":25637,"href":"https:\/\/zonaroja.com.mx\/index.php?rest_route=\/wp\/v2\/posts\/25634\/revisions\/25637"}],"wp:featuredmedia":[{"embeddable":true,"href":"https:\/\/zonaroja.com.mx\/index.php?rest_route=\/wp\/v2\/media\/25635"}],"wp:attachment":[{"href":"https:\/\/zonaroja.com.mx\/index.php?rest_route=%2Fwp%2Fv2%2Fmedia&parent=25634"}],"wp:term":[{"taxonomy":"category","embeddable":true,"href":"https:\/\/zonaroja.com.mx\/index.php?rest_route=%2Fwp%2Fv2%2Fcategories&post=25634"},{"taxonomy":"post_tag","embeddable":true,"href":"https:\/\/zonaroja.com.mx\/index.php?rest_route=%2Fwp%2Fv2%2Ftags&post=25634"}],"curies":[{"name":"wp","href":"https:\/\/api.w.org\/{rel}","templated":true}]}}