{"id":25638,"date":"2021-04-06T21:27:43","date_gmt":"2021-04-07T02:27:43","guid":{"rendered":"http:\/\/www.zonaroja.com.mx\/?p=25638"},"modified":"2021-04-06T21:27:47","modified_gmt":"2021-04-07T02:27:47","slug":"gobierno-de-oaxaca-e-instituciones-electorales-firman-pacto-por-elecciones","status":"publish","type":"post","link":"https:\/\/zonaroja.com.mx\/?p=25638","title":{"rendered":"Gobierno de Oaxaca e instituciones electorales firman pacto por elecciones"},"content":{"rendered":"\n<p>Redacci\u00f3n\/Zona Roja.<\/p>\n\n\n\n<p>Oaxaca de Ju\u00e1rez, Oax., 6 de abril de 2021.- El gobierno de Oaxaca y autoridades electorales estatal y federal, firmaron hoy un pacto de civilidad para el desarrollo de comicios ejemplares y sin violencia.<\/p>\n\n\n\n<p>Durante un acto efectuado en el Palacio de Gobierno, remarcaron el inter\u00e9s de los tres \u00f3rdenes de gobierno para garantizar un ambiente pac\u00edfico y de absoluto respeto al estado de derecho durante las campa\u00f1as electorales y las pr\u00f3ximas elecciones del 6 de junio.<\/p>\n\n\n\n<p>El documento fue signado por el titular del Poder Ejecutivo, Alejandro Murat Hinojosa, quien en su mensaje destac\u00f3 su convicci\u00f3n republicana y democr\u00e1tica.<\/p>\n\n\n\n<p>\u201cEl republicanismo es la forma de gobierno que se fundamenta en el car\u00e1cter temporal de todo poder p\u00fablico, y la democracia entrega a los ciudadanos el poder de elegir directamente a sus representantes\u201d, se\u00f1al\u00f3.<\/p>\n\n\n\n<figure class=\"wp-block-embed-twitter wp-block-embed is-type-rich is-provider-twitter\"><div class=\"wp-block-embed__wrapper\">\n<div class=\"twitter-tweet\"><blockquote class=\"twitter-tweet\" data-lang=\"es\"><p lang=\"es\" dir=\"ltr\"><a href=\"https:\/\/twitter.com\/hashtag\/EleccionesOaxaca2021?src=hash&amp;ref_src=twsrc%5Etfw\">#EleccionesOaxaca2021<\/a><br>1.- Este martes en el Palacio de Gobierno, autoridades estatales de Oaxaca y federales signaron un \u201cPacto por un proceso electoral c\u00edvicamente responsable\u201d, a fin de evitar pr\u00e1cticas que pongan en riesgo los comicios en la entidad. <a href=\"https:\/\/t.co\/GAyokcLzCA\">pic.twitter.com\/GAyokcLzCA<\/a><\/p>&mdash; Zona Roja Oaxaca (@Zona_Roja_Oax) <a href=\"https:\/\/twitter.com\/Zona_Roja_Oax\/status\/1379543745608216576?ref_src=twsrc%5Etfw\">6 de abril de 2021<\/a><\/blockquote><\/div>\n<\/div><\/figure>\n\n\n\n<p>\u201cEn Oaxaca, cuando hacemos gobierno pensamos en las pr\u00f3ximas generaciones y no en las pr\u00f3ximas elecciones. Nuestra tarea es garantizar a las oaxaque\u00f1as y los oaxaque\u00f1os las condiciones que les permitan ser cada d\u00eda m\u00e1s felices\u201d, agreg\u00f3.<\/p>\n\n\n\n<p>Este Pacto, hom\u00f3logo del Acuerdo Nacional por la Democracia, fue suscrito tambi\u00e9n por el Vocal Ejecutivo del Instituto Nacional Electoral en Oaxaca (INE), Edgar Humberto Arias Alba, y el presidente del Consejo General del Instituto Estatal Electoral y de Participaci\u00f3n Ciudadana de Oaxaca (IEEPCO), Gustavo Meixueiro N\u00e1jera.<\/p>\n\n\n\n<p>En el Pacto se manifiesta el rechazo absoluto a todo acto de violencia que inhiba la participaci\u00f3n de la ciudadan\u00eda en el proceso electoral, y de manera especialmente en\u00e9rgica el repudio a todo acto de violencia pol\u00edtica contra las mujeres en raz\u00f3n de g\u00e9nero.<\/p>\n\n\n\n<figure class=\"wp-block-embed-twitter wp-block-embed is-type-rich is-provider-twitter\"><div class=\"wp-block-embed__wrapper\">\n<div class=\"twitter-tweet\"><blockquote class=\"twitter-tweet\" data-lang=\"es\"><p lang=\"es\" dir=\"ltr\"><a href=\"https:\/\/twitter.com\/hashtag\/EleccionesOaxaca2021?src=hash&amp;ref_src=twsrc%5Etfw\">#EleccionesOaxaca2021<\/a><br>2.- En su mensaje, el gobernador de Oaxaca, <a href=\"https:\/\/twitter.com\/alejandromurat?ref_src=twsrc%5Etfw\">@AlejandroMurat<\/a> Hinojosa calific\u00f3 como in\u00e9dito este ejercicio y recalc\u00f3 su compromiso de garantizar un proceso democr\u00e1tico y en un marco de tranquilidad. <a href=\"https:\/\/t.co\/AKx3y4dX4H\">pic.twitter.com\/AKx3y4dX4H<\/a><\/p>&mdash; Zona Roja Oaxaca (@Zona_Roja_Oax) <a href=\"https:\/\/twitter.com\/Zona_Roja_Oax\/status\/1379545485225123840?ref_src=twsrc%5Etfw\">6 de abril de 2021<\/a><\/blockquote><\/div>\n<\/div><\/figure>\n\n\n\n<p>Al evento acudieron representantes de todos los \u00f3rdenes de gobierno, como el fiscal general del Estado de Oaxaca, Arturo de Jes\u00fas Peimbert Calvo; la secretaria t\u00e9cnica de la Coordinaci\u00f3n Territorial para la Construcci\u00f3n de la Paz en Oaxaca, Natalia Karina Bar\u00f3n Ort\u00edz; la presidenta del Tribunal Estatal Electoral de Oaxaca, Elizabeth Bautista Velasco.<\/p>\n\n\n\n<p>En los comicios del pr\u00f3ximo 6 de junio, en Oaxaca se elegir\u00e1n 10 diputaciones federales, 25 diputaciones locales por el principio de mayor\u00eda relativa, 17 diputaciones locales por representaci\u00f3n proporcional y 153 ayuntamientos que se rigen por el sistema de partidos pol\u00edticos.<\/p>\n","protected":false},"excerpt":{"rendered":"<p>Redacci\u00f3n\/Zona Roja. Oaxaca de Ju\u00e1rez, Oax., 6 de abril de 2021.- El gobierno de Oaxaca&hellip;<\/p>\n","protected":false},"author":2,"featured_media":25639,"comment_status":"closed","ping_status":"open","sticky":false,"template":"","format":"standard","meta":{"_lmt_disableupdate":"","_lmt_disable":"","_jetpack_memberships_contains_paid_content":false,"footnotes":""},"categories":[109,46],"tags":[173],"class_list":["post-25638","post","type-post","status-publish","format-standard","has-post-thumbnail","hentry","category-minuto-a-minuto","category-zona-blanca","tag-alejandro-murat-hinojosa"],"jetpack_featured_media_url":"https:\/\/zonaroja.com.mx\/wp-content\/uploads\/2021\/04\/AMH-3.jpeg","jetpack_sharing_enabled":true,"_links":{"self":[{"href":"https:\/\/zonaroja.com.mx\/index.php?rest_route=\/wp\/v2\/posts\/25638","targetHints":{"allow":["GET"]}}],"collection":[{"href":"https:\/\/zonaroja.com.mx\/index.php?rest_route=\/wp\/v2\/posts"}],"about":[{"href":"https:\/\/zonaroja.com.mx\/index.php?rest_route=\/wp\/v2\/types\/post"}],"author":[{"embeddable":true,"href":"https:\/\/zonaroja.com.mx\/index.php?rest_route=\/wp\/v2\/users\/2"}],"replies":[{"embeddable":true,"href":"https:\/\/zonaroja.com.mx\/index.php?rest_route=%2Fwp%2Fv2%2Fcomments&post=25638"}],"version-history":[{"count":1,"href":"https:\/\/zonaroja.com.mx\/index.php?rest_route=\/wp\/v2\/posts\/25638\/revisions"}],"predecessor-version":[{"id":25640,"href":"https:\/\/zonaroja.com.mx\/index.php?rest_route=\/wp\/v2\/posts\/25638\/revisions\/25640"}],"wp:featuredmedia":[{"embeddable":true,"href":"https:\/\/zonaroja.com.mx\/index.php?rest_route=\/wp\/v2\/media\/25639"}],"wp:attachment":[{"href":"https:\/\/zonaroja.com.mx\/index.php?rest_route=%2Fwp%2Fv2%2Fmedia&parent=25638"}],"wp:term":[{"taxonomy":"category","embeddable":true,"href":"https:\/\/zonaroja.com.mx\/index.php?rest_route=%2Fwp%2Fv2%2Fcategories&post=25638"},{"taxonomy":"post_tag","embeddable":true,"href":"https:\/\/zonaroja.com.mx\/index.php?rest_route=%2Fwp%2Fv2%2Ftags&post=25638"}],"curies":[{"name":"wp","href":"https:\/\/api.w.org\/{rel}","templated":true}]}}