{"id":2564,"date":"2019-07-27T12:29:56","date_gmt":"2019-07-27T17:29:56","guid":{"rendered":"http:\/\/www.zonaroja.com.mx\/?p=2564"},"modified":"2019-07-27T12:29:59","modified_gmt":"2019-07-27T17:29:59","slug":"ya-somos-oaxaquenos-nos-da-mucho-orgullo-amlo-en-el-istmo","status":"publish","type":"post","link":"https:\/\/zonaroja.com.mx\/?p=2564","title":{"rendered":"\u201cYa somos oaxaque\u00f1os, nos da mucho orgullo\u201d: AMLO en el Istmo"},"content":{"rendered":"\n<p>Redacci\u00f3n<\/p>\n\n\n\n<p>Oaxaca de Ju\u00e1rez, Oax., 27 de julio de\n2019.- En medio de protestas, el Presidente de M\u00e9xico, Andr\u00e9s Manuel L\u00f3pez\nObrador, se declar\u00f3 oaxaque\u00f1o y anunci\u00f3 la culminaci\u00f3n de hospitales\nabandonados, adem\u00e1s de reiterar su compromiso con el desarrollo de la regi\u00f3n\ndel Istmo de Tehuantepec.<\/p>\n\n\n\n<p>\u201cMe da gusto estar de nuevo aqu\u00ed, haber\namanecido aqu\u00ed, como lo mencion\u00f3 Alejandro Murat, el gobernador, vamos a estar\nconstantemente en Oaxaca, ya somos oaxaque\u00f1os, nos da mucho orgullo\u201d, dijo\ndurante su mensaje en la cl\u00ednica rural del IMSS del municipio de Mat\u00edas Romero\nAvenda\u00f1o.<\/p>\n\n\n\n<p>Poco despu\u00e9s de las ocho de la ma\u00f1ana\narrib\u00f3 L\u00f3pez Obrador al lugar del acto, luego de haber pernoctado en esa ciudad\nferrocarrilera. Junto con el gobernador de Oaxaca recorri\u00f3 las instalaciones de\nla cl\u00ednica, tras lo cual presidieron una ceremonia, de no m\u00e1s de media hora.<\/p>\n\n\n\n<p>\u201cAqu\u00ed en Mat\u00edas Romero hay un hospital inconcluso; hay muchos en el estado, vamos a atender eso. Si aqu\u00ed en Mat\u00edas hay que contratar nuevo personal, c\u00f3mo se contrata ya, si lo hace IMSS o con salud p\u00fablica, soy partidario que pase a formar parte del IMSS Bienestar\u201d, dijo.<\/p>\n\n\n\n<figure class=\"wp-block-image\"><img decoding=\"async\" width=\"1024\" height=\"573\" src=\"http:\/\/www.zonaroja.com.mx\/wp-content\/uploads\/2019\/07\/AMLO-en-Mat\u00edas-Romero-1024x573.jpg\" alt=\"\" class=\"wp-image-2566\" srcset=\"https:\/\/zonaroja.com.mx\/wp-content\/uploads\/2019\/07\/AMLO-en-Mat\u00edas-Romero-1024x573.jpg 1024w, https:\/\/zonaroja.com.mx\/wp-content\/uploads\/2019\/07\/AMLO-en-Mat\u00edas-Romero-300x168.jpg 300w, https:\/\/zonaroja.com.mx\/wp-content\/uploads\/2019\/07\/AMLO-en-Mat\u00edas-Romero-768x430.jpg 768w, https:\/\/zonaroja.com.mx\/wp-content\/uploads\/2019\/07\/AMLO-en-Mat\u00edas-Romero-1170x655.jpg 1170w, https:\/\/zonaroja.com.mx\/wp-content\/uploads\/2019\/07\/AMLO-en-Mat\u00edas-Romero-585x328.jpg 585w, https:\/\/zonaroja.com.mx\/wp-content\/uploads\/2019\/07\/AMLO-en-Mat\u00edas-Romero.jpg 1200w\" sizes=\"(max-width: 1024px) 100vw, 1024px\" \/><\/figure>\n\n\n\n<p>Entre otros temas, habl\u00f3 de su proyecto\nde transformaci\u00f3n del Istmo de Tehuantepec, que consiste en ampliar la carretera,\nas\u00ed como reconstruir la v\u00eda f\u00e9rrea que comunica a Salina Cruz con\nCoatzacoalcos.<\/p>\n\n\n\n<p>La modernizaci\u00f3n de las refiner\u00edas de\nSalina Cruz y Minatitl\u00e1n, Veracruz, as\u00ed como la instalaci\u00f3n de empresas y\nparques industriales. <\/p>\n\n\n\n<p>\u201cEs el mejor proyecto de todos, el del\nIstmo, convertir en corredor medio de comunicaci\u00f3n de los pa\u00edses de Asia con la\nCosta este de EU, esto se va a convertir en un corredor estrat\u00e9gico\u2026 lo estamos\nhaciendo de manera ordenada, sin afectar a las comunidades, al contrario, en\nbeneficio de las comunidades y haya mucho empleo\u201d, dijo L\u00f3pez Obrador.<\/p>\n\n\n\n<p>Al t\u00e9rmino del acto, diversos\ncontingentes le reclamaron atenci\u00f3n a diversas demandas, entre ellos el\nmagisterio de la Secci\u00f3n 22 del SNTE, que exigi\u00f3 la reconstrucci\u00f3n de escuelas.<\/p>\n\n\n\n<p>Asimismo, la Uni\u00f3n de Comunidades Ind\u00edgenas de la Zona Norte del Istmo y pobladores de Santa Mar\u00eda Chimalapa. Tras ello, el presidente parti\u00f3 al estado de Veracruz, donde contin\u00faa su gira.<\/p>\n\n\n\n<figure class=\"wp-block-embed-twitter wp-block-embed is-type-rich is-provider-twitter\"><div class=\"wp-block-embed__wrapper\">\n<div class=\"twitter-tweet\"><blockquote class=\"twitter-tweet\" data-lang=\"es\"><p lang=\"es\" dir=\"ltr\"><a href=\"https:\/\/twitter.com\/hashtag\/OaxacaRosa?src=hash&amp;ref_src=twsrc%5Etfw\">#OaxacaRosa<\/a><br>El Presidente de M\u00e9xico, <a href=\"https:\/\/twitter.com\/lopezobrador_?ref_src=twsrc%5Etfw\">@lopezobrador_<\/a>, realiza su quinta visita a Oaxaca en ocho meses de su gobierno; estas son algunas im\u00e1genes de cortes\u00eda, la ma\u00f1ana de hoy en el municipio de Mat\u00edas Romero Avenda\u00f1o, regi\u00f3n del Istmo. <a href=\"https:\/\/t.co\/DnI79vkSpH\">pic.twitter.com\/DnI79vkSpH<\/a><\/p>&mdash; Zona Roja Oaxaca (@MexRoja) <a href=\"https:\/\/twitter.com\/MexRoja\/status\/1155130765891559431?ref_src=twsrc%5Etfw\">27 de julio de 2019<\/a><\/blockquote><\/div>\n<\/div><\/figure>\n","protected":false},"excerpt":{"rendered":"<p>Redacci\u00f3n Oaxaca de Ju\u00e1rez, Oax., 27 de julio de 2019.- En medio de protestas, el&hellip;<\/p>\n","protected":false},"author":2,"featured_media":2565,"comment_status":"closed","ping_status":"open","sticky":false,"template":"","format":"standard","meta":{"_lmt_disableupdate":"","_lmt_disable":"","_jetpack_memberships_contains_paid_content":false,"footnotes":""},"categories":[109,46],"tags":[411],"class_list":["post-2564","post","type-post","status-publish","format-standard","has-post-thumbnail","hentry","category-minuto-a-minuto","category-zona-blanca","tag-visita-lopez-obrador-matias-romero-oaxaca"],"jetpack_featured_media_url":"https:\/\/zonaroja.com.mx\/wp-content\/uploads\/2019\/07\/AMLO-en-Mat\u00edas-Romero2.jpg","jetpack_sharing_enabled":true,"_links":{"self":[{"href":"https:\/\/zonaroja.com.mx\/index.php?rest_route=\/wp\/v2\/posts\/2564","targetHints":{"allow":["GET"]}}],"collection":[{"href":"https:\/\/zonaroja.com.mx\/index.php?rest_route=\/wp\/v2\/posts"}],"about":[{"href":"https:\/\/zonaroja.com.mx\/index.php?rest_route=\/wp\/v2\/types\/post"}],"author":[{"embeddable":true,"href":"https:\/\/zonaroja.com.mx\/index.php?rest_route=\/wp\/v2\/users\/2"}],"replies":[{"embeddable":true,"href":"https:\/\/zonaroja.com.mx\/index.php?rest_route=%2Fwp%2Fv2%2Fcomments&post=2564"}],"version-history":[{"count":1,"href":"https:\/\/zonaroja.com.mx\/index.php?rest_route=\/wp\/v2\/posts\/2564\/revisions"}],"predecessor-version":[{"id":2567,"href":"https:\/\/zonaroja.com.mx\/index.php?rest_route=\/wp\/v2\/posts\/2564\/revisions\/2567"}],"wp:featuredmedia":[{"embeddable":true,"href":"https:\/\/zonaroja.com.mx\/index.php?rest_route=\/wp\/v2\/media\/2565"}],"wp:attachment":[{"href":"https:\/\/zonaroja.com.mx\/index.php?rest_route=%2Fwp%2Fv2%2Fmedia&parent=2564"}],"wp:term":[{"taxonomy":"category","embeddable":true,"href":"https:\/\/zonaroja.com.mx\/index.php?rest_route=%2Fwp%2Fv2%2Fcategories&post=2564"},{"taxonomy":"post_tag","embeddable":true,"href":"https:\/\/zonaroja.com.mx\/index.php?rest_route=%2Fwp%2Fv2%2Ftags&post=2564"}],"curies":[{"name":"wp","href":"https:\/\/api.w.org\/{rel}","templated":true}]}}