{"id":25641,"date":"2021-04-06T22:07:44","date_gmt":"2021-04-07T03:07:44","guid":{"rendered":"http:\/\/www.zonaroja.com.mx\/?p=25641"},"modified":"2021-04-06T22:07:50","modified_gmt":"2021-04-07T03:07:50","slug":"crece-cisma-en-morena-dirigente-estatal-acusa-intereses-facciosos-y-perversos","status":"publish","type":"post","link":"https:\/\/zonaroja.com.mx\/?p=25641","title":{"rendered":"Crece cisma en Morena; dirigente estatal acusa intereses \u201cfacciosos y perversos\u201d"},"content":{"rendered":"\n<p>Redacci\u00f3n\/Zona Roja.<\/p>\n\n\n\n<p>Oaxaca de Ju\u00e1rez, Oax., 6 de abril de 2021.- La divisi\u00f3n y los enconos crecen en el Partido Morena en Oaxaca, tras la designaci\u00f3n de candidaturas a cargos de elecci\u00f3n popular.<\/p>\n\n\n\n<p>La secretaria general del Comit\u00e9 Ejecutivo, Elizabeth Reyes Nolasco, acus\u00f3 que se entreg\u00f3 el control de la integraci\u00f3n de los cabildos y la designaci\u00f3n de candidaturas \u201ca dos personajes que actuaron de manera facciosa y perversa, integrando las planillas de acuerdo con sus propios intereses\u201d.<\/p>\n\n\n\n<p>Adem\u00e1s, en el caso de las candidaturas al Congreso local, se neg\u00f3 la oportunidad \u201ca muy valiosas diputadas y diputados de que las y los militantes y simpatizantes de Morena pudiesen tomarles en cuenta al definir las candidaturas\u201d.<\/p>\n\n\n\n<p>En un documento dirigido al presidente nacional de Morena, Mario Delgado, con fecha de este martes, en que remarc\u00f3 que \u201ces claro que no est\u00e1n funcionando adecuadamente los espacios institucionales para la toma de decisiones.<\/p>\n\n\n\n<p>\u201cY la reciente selecci\u00f3n de candidatas y candidatos para las presidencias municipales es muestra clara de ello\u201d.<\/p>\n\n\n\n<p>Tras se\u00f1alar que \u201cpalo dado ni Dios lo quita\u201d, Reyes Nolasco pidi\u00f3 a la dirigencia nacional corregir el camino, reorientar hacia pr\u00e1cticas democr\u00e1ticas, hacia el cuidado de los intereses del pueblo y \u201cpoco a poco construir el partido que M\u00e9xico merece y necesita\u201d.<\/p>\n\n\n\n<p>CONGRESO, IGUAL<\/p>\n\n\n\n<p>En tanto, este d\u00eda, los conflictos al interior del Partido Morena se reflejaron tambi\u00e9n este martes en la bancada y la mayor\u00eda de los legisladores de esa fracci\u00f3n acordaron desconocer a su coordinadora Delfina Guzm\u00e1n D\u00edaz, quien asumi\u00f3 el cargo el pasado 15 de noviembre.<\/p>\n\n\n\n<p>Asimismo, designaron a Fredy Delf\u00edn Avenda\u00f1o como el nuevo responsable de la fracci\u00f3n parlamentaria, misma designaci\u00f3n que se prev\u00e9 turnar e informar este mi\u00e9rcoles al pleno de la 64 Legislatura de Oaxaca.<\/p>\n","protected":false},"excerpt":{"rendered":"<p>Redacci\u00f3n\/Zona Roja. Oaxaca de Ju\u00e1rez, Oax., 6 de abril de 2021.- La divisi\u00f3n y los&hellip;<\/p>\n","protected":false},"author":2,"featured_media":20518,"comment_status":"closed","ping_status":"open","sticky":false,"template":"","format":"standard","meta":{"_lmt_disableupdate":"","_lmt_disable":"","_jetpack_memberships_contains_paid_content":false,"footnotes":""},"categories":[109,47],"tags":[871],"class_list":["post-25641","post","type-post","status-publish","format-standard","has-post-thumbnail","hentry","category-minuto-a-minuto","category-zona-gris","tag-partido-morena-oaxaca"],"jetpack_featured_media_url":"https:\/\/zonaroja.com.mx\/wp-content\/uploads\/2020\/11\/Elizabeth-Reyes-Nolasco.png","jetpack_sharing_enabled":true,"_links":{"self":[{"href":"https:\/\/zonaroja.com.mx\/index.php?rest_route=\/wp\/v2\/posts\/25641","targetHints":{"allow":["GET"]}}],"collection":[{"href":"https:\/\/zonaroja.com.mx\/index.php?rest_route=\/wp\/v2\/posts"}],"about":[{"href":"https:\/\/zonaroja.com.mx\/index.php?rest_route=\/wp\/v2\/types\/post"}],"author":[{"embeddable":true,"href":"https:\/\/zonaroja.com.mx\/index.php?rest_route=\/wp\/v2\/users\/2"}],"replies":[{"embeddable":true,"href":"https:\/\/zonaroja.com.mx\/index.php?rest_route=%2Fwp%2Fv2%2Fcomments&post=25641"}],"version-history":[{"count":1,"href":"https:\/\/zonaroja.com.mx\/index.php?rest_route=\/wp\/v2\/posts\/25641\/revisions"}],"predecessor-version":[{"id":25642,"href":"https:\/\/zonaroja.com.mx\/index.php?rest_route=\/wp\/v2\/posts\/25641\/revisions\/25642"}],"wp:featuredmedia":[{"embeddable":true,"href":"https:\/\/zonaroja.com.mx\/index.php?rest_route=\/wp\/v2\/media\/20518"}],"wp:attachment":[{"href":"https:\/\/zonaroja.com.mx\/index.php?rest_route=%2Fwp%2Fv2%2Fmedia&parent=25641"}],"wp:term":[{"taxonomy":"category","embeddable":true,"href":"https:\/\/zonaroja.com.mx\/index.php?rest_route=%2Fwp%2Fv2%2Fcategories&post=25641"},{"taxonomy":"post_tag","embeddable":true,"href":"https:\/\/zonaroja.com.mx\/index.php?rest_route=%2Fwp%2Fv2%2Ftags&post=25641"}],"curies":[{"name":"wp","href":"https:\/\/api.w.org\/{rel}","templated":true}]}}