{"id":25648,"date":"2021-04-07T07:28:25","date_gmt":"2021-04-07T12:28:25","guid":{"rendered":"http:\/\/www.zonaroja.com.mx\/?p=25648"},"modified":"2021-04-07T07:28:28","modified_gmt":"2021-04-07T12:28:28","slug":"registra-soyaltepec-oaxaca-segundo-crimen-en-menos-de-12-horas","status":"publish","type":"post","link":"https:\/\/zonaroja.com.mx\/?p=25648","title":{"rendered":"Registra Soyaltepec, Oaxaca, segundo crimen en menos de 12 horas"},"content":{"rendered":"\n<p>Redacci\u00f3n\/Zona Roja.<\/p>\n\n\n\n<p>Oaxaca de Ju\u00e1rez, Oax., 7 de abril de 2021.- Una segunda persona fue asesinada en menos de 12 horas en San Miguel Soyaltepec, municipio de la regi\u00f3n Cuenca del estado de Oaxaca, colindante con Veracruz.<\/p>\n\n\n\n<p>De acuerdo con reportes policiacos, alrededor de las 21:30 horas de anoche fue ejecutado a balazos un individuo en la avenida Castro Virgen Mariano.<\/p>\n\n\n\n<p>En el sitio fue hallada una motocicleta tirada y la v\u00edctima fue identificada posteriormente como Diego Aguirre Flores, de 22 a\u00f1os de edad, originario de Soyaltepec.<\/p>\n\n\n\n<p>Como se inform\u00f3, ayer por la ma\u00f1ana tambi\u00e9n en jurisdicci\u00f3n de dicho municipio fue hallado el cuerpo de un hombre, envuelto en bolsas negras y colchas y quien presentaba huellas de tortura.<\/p>\n\n\n\n<p>Adem\u00e1s, estaba vendado de los ojos y ten\u00eda atada una soga al cuello; de manera preliminar fue identificado como Alejandro G. M., originario de Tierra Blanca, Veracruz.<\/p>\n","protected":false},"excerpt":{"rendered":"<p>Redacci\u00f3n\/Zona Roja. Oaxaca de Ju\u00e1rez, Oax., 7 de abril de 2021.- Una segunda persona fue&hellip;<\/p>\n","protected":false},"author":2,"featured_media":18319,"comment_status":"closed","ping_status":"open","sticky":false,"template":"","format":"standard","meta":{"_lmt_disableupdate":"","_lmt_disable":"","_jetpack_memberships_contains_paid_content":false,"footnotes":""},"categories":[109,51],"tags":[1037],"class_list":["post-25648","post","type-post","status-publish","format-standard","has-post-thumbnail","hentry","category-minuto-a-minuto","category-zona-roja","tag-san-miguel-soyaltepec"],"jetpack_featured_media_url":"https:\/\/zonaroja.com.mx\/wp-content\/uploads\/2020\/10\/Escena-del-crimen3.jpg","jetpack_sharing_enabled":true,"_links":{"self":[{"href":"https:\/\/zonaroja.com.mx\/index.php?rest_route=\/wp\/v2\/posts\/25648","targetHints":{"allow":["GET"]}}],"collection":[{"href":"https:\/\/zonaroja.com.mx\/index.php?rest_route=\/wp\/v2\/posts"}],"about":[{"href":"https:\/\/zonaroja.com.mx\/index.php?rest_route=\/wp\/v2\/types\/post"}],"author":[{"embeddable":true,"href":"https:\/\/zonaroja.com.mx\/index.php?rest_route=\/wp\/v2\/users\/2"}],"replies":[{"embeddable":true,"href":"https:\/\/zonaroja.com.mx\/index.php?rest_route=%2Fwp%2Fv2%2Fcomments&post=25648"}],"version-history":[{"count":1,"href":"https:\/\/zonaroja.com.mx\/index.php?rest_route=\/wp\/v2\/posts\/25648\/revisions"}],"predecessor-version":[{"id":25649,"href":"https:\/\/zonaroja.com.mx\/index.php?rest_route=\/wp\/v2\/posts\/25648\/revisions\/25649"}],"wp:featuredmedia":[{"embeddable":true,"href":"https:\/\/zonaroja.com.mx\/index.php?rest_route=\/wp\/v2\/media\/18319"}],"wp:attachment":[{"href":"https:\/\/zonaroja.com.mx\/index.php?rest_route=%2Fwp%2Fv2%2Fmedia&parent=25648"}],"wp:term":[{"taxonomy":"category","embeddable":true,"href":"https:\/\/zonaroja.com.mx\/index.php?rest_route=%2Fwp%2Fv2%2Fcategories&post=25648"},{"taxonomy":"post_tag","embeddable":true,"href":"https:\/\/zonaroja.com.mx\/index.php?rest_route=%2Fwp%2Fv2%2Ftags&post=25648"}],"curies":[{"name":"wp","href":"https:\/\/api.w.org\/{rel}","templated":true}]}}