{"id":25650,"date":"2021-04-07T07:41:35","date_gmt":"2021-04-07T12:41:35","guid":{"rendered":"http:\/\/www.zonaroja.com.mx\/?p=25650"},"modified":"2021-04-07T07:41:39","modified_gmt":"2021-04-07T12:41:39","slug":"onu-demanda-a-autoridad-de-acatlan-y-fgeo-acatar-recomendacion-por-caso-chander","status":"publish","type":"post","link":"https:\/\/zonaroja.com.mx\/?p=25650","title":{"rendered":"ONU demanda a autoridad de Acatl\u00e1n y FGEO acatar recomendaci\u00f3n por caso \u201cChander\u201d"},"content":{"rendered":"\n<p>Yuridiana Sosa\/Zona Roja.<\/p>\n\n\n\n<p>Oaxaca de Ju\u00e1rez, Oax., 7 de abril de 2021.- La Oficina del Alto Comisionado de las Naciones Unidas para los Derechos Humanos en M\u00e9xico (ONU-DH) emiti\u00f3 un llamado para que autoridades locales y estatales atiendan la recomendaci\u00f3n de la Defensor\u00eda de Oaxaca por el asesinato del adolescente Alexander Mart\u00ednez en la regi\u00f3n Cuenca, cometido en junio de 2020.<\/p>\n\n\n\n<p>El organismo internacional demand\u00f3 a la presidencia municipal de Acatl\u00e1n de P\u00e9rez Figueroa y a la Fiscal\u00eda General del Estado del Estado implementar las medidas emitidas en la Recomendaci\u00f3n 1\/2021, en la que adem\u00e1s se acredit\u00f3 que en la muerte de Alexander existi\u00f3 violencia policial y constituy\u00f3 una ejecuci\u00f3n arbitraria de la vida por uso ilegal de la fuerza y falta de acceso a la verdad y justicia.<\/p>\n\n\n\n<p>La ONU-DH record\u00f3 en su llamado la importancia de respetar los est\u00e1ndares internacionales que exigen \u201cuna investigaci\u00f3n que identifique a todos los responsables, incluyendo a los funcionarios de la cadena de mando, as\u00ed como las pol\u00edticas y fallos sist\u00e9micos que pueden haber contribuido a la muerte\u201d.<\/p>\n\n\n\n<p>La Fiscal\u00eda de Oaxaca deber\u00e1 revisar y enmendar los aspectos de la investigaci\u00f3n que la Defensor\u00eda de los Derechos Humanos del Pueblo de Oaxaca se\u00f1al\u00f3 como no alineados a los est\u00e1ndares internacionales de derechos humanos.<\/p>\n\n\n\n<p>Entre esos est\u00e1ndares no respetados, se encuentra especialmente el de las pruebas forenses y la responsabilidad penal de los polic\u00edas involucrados, indic\u00f3 el llamado del organismo internacional.<\/p>\n\n\n\n<p>Mientras que al presidente de Acatl\u00e1n de P\u00e9rez Figueroa &#8211;que al momento es Ad\u00e1n Maciel Sosa&#8211; lo llam\u00f3 a adoptar las medidas necesarias para que la actuaci\u00f3n de su polic\u00eda sea acorde con los derechos humanos y evitar la repetici\u00f3n de casos como el referido.<\/p>\n\n\n\n<p>As\u00ed mismo expres\u00f3 su solidaridad con la familia de Alexander, a quienes seguir\u00e1 acompa\u00f1ando en su b\u00fasqueda de verdad, justicia y reparaci\u00f3n.<\/p>\n","protected":false},"excerpt":{"rendered":"<p>Yuridiana Sosa\/Zona Roja. Oaxaca de Ju\u00e1rez, Oax., 7 de abril de 2021.- La Oficina del&hellip;<\/p>\n","protected":false},"author":2,"featured_media":25651,"comment_status":"closed","ping_status":"open","sticky":false,"template":"","format":"standard","meta":{"_lmt_disableupdate":"","_lmt_disable":"","_jetpack_memberships_contains_paid_content":false,"footnotes":""},"categories":[109,47],"tags":[2586],"class_list":["post-25650","post","type-post","status-publish","format-standard","has-post-thumbnail","hentry","category-minuto-a-minuto","category-zona-gris","tag-alexander-martinez-gomez"],"jetpack_featured_media_url":"https:\/\/zonaroja.com.mx\/wp-content\/uploads\/2021\/04\/Alexander-Martinez-Gomez.jpg","jetpack_sharing_enabled":true,"_links":{"self":[{"href":"https:\/\/zonaroja.com.mx\/index.php?rest_route=\/wp\/v2\/posts\/25650","targetHints":{"allow":["GET"]}}],"collection":[{"href":"https:\/\/zonaroja.com.mx\/index.php?rest_route=\/wp\/v2\/posts"}],"about":[{"href":"https:\/\/zonaroja.com.mx\/index.php?rest_route=\/wp\/v2\/types\/post"}],"author":[{"embeddable":true,"href":"https:\/\/zonaroja.com.mx\/index.php?rest_route=\/wp\/v2\/users\/2"}],"replies":[{"embeddable":true,"href":"https:\/\/zonaroja.com.mx\/index.php?rest_route=%2Fwp%2Fv2%2Fcomments&post=25650"}],"version-history":[{"count":1,"href":"https:\/\/zonaroja.com.mx\/index.php?rest_route=\/wp\/v2\/posts\/25650\/revisions"}],"predecessor-version":[{"id":25652,"href":"https:\/\/zonaroja.com.mx\/index.php?rest_route=\/wp\/v2\/posts\/25650\/revisions\/25652"}],"wp:featuredmedia":[{"embeddable":true,"href":"https:\/\/zonaroja.com.mx\/index.php?rest_route=\/wp\/v2\/media\/25651"}],"wp:attachment":[{"href":"https:\/\/zonaroja.com.mx\/index.php?rest_route=%2Fwp%2Fv2%2Fmedia&parent=25650"}],"wp:term":[{"taxonomy":"category","embeddable":true,"href":"https:\/\/zonaroja.com.mx\/index.php?rest_route=%2Fwp%2Fv2%2Fcategories&post=25650"},{"taxonomy":"post_tag","embeddable":true,"href":"https:\/\/zonaroja.com.mx\/index.php?rest_route=%2Fwp%2Fv2%2Ftags&post=25650"}],"curies":[{"name":"wp","href":"https:\/\/api.w.org\/{rel}","templated":true}]}}