{"id":25653,"date":"2021-04-07T07:46:49","date_gmt":"2021-04-07T12:46:49","guid":{"rendered":"http:\/\/www.zonaroja.com.mx\/?p=25653"},"modified":"2021-04-07T07:46:52","modified_gmt":"2021-04-07T12:46:52","slug":"pide-diputado-generar-condiciones-que-garanticen-el-uso-de-la-bicicleta","status":"publish","type":"post","link":"https:\/\/zonaroja.com.mx\/?p=25653","title":{"rendered":"Pide diputado generar condiciones que garanticen el uso de la bicicleta"},"content":{"rendered":"\n<p>Redacci\u00f3n\/Zona Roja.<\/p>\n\n\n\n<p>Oaxaca de Ju\u00e1rez, Oax., 7 de abril de 2021.- El legislador Horacio Sosa Villavicencio, integrante del Grupo Parlamentario de Morena en el Congreso de Oaxaca, propuso solicitar a las dependencias correspondientes, realizar acciones para impulsar el uso de la bicicleta como medio de transporte p\u00fablico, seguro y eficiente en el Estado.<\/p>\n\n\n\n<p>Una de las propuestas de exhorto, es dirigida para el titular del Poder Ejecutivo, a fin de que instruya a la Secretar\u00eda de Movilidad (Semovi), agilizar la elaboraci\u00f3n del Programa Anual de Promoci\u00f3n y Fomento al Uso de la Bicicleta como medio de transporte alternativo, as\u00ed como la construcci\u00f3n de ciclo v\u00edas y dem\u00e1s elementos que permitan el adecuado desplazamiento de la ciudadan\u00eda.<\/p>\n\n\n\n<p>Tambi\u00e9n, solicit\u00f3 a cada una de las entidades p\u00fablicas del Estado, \u00f3rganos descentralizados, aut\u00f3nomos y ayuntamientos, para que establezcan que, por lo menos un d\u00eda al mes, todos los y las trabajadoras acudan a laborar bajo este medio de transporte alternativo.<\/p>\n\n\n\n<p>Para el congresista de Morena, el uso de la bicicleta es de vital importancia, ya que reduce los niveles de contaminaci\u00f3n ambiental, fomenta una vida saludable entre la ciudadan\u00eda y disminuye el tr\u00e1fico vial.<\/p>\n\n\n\n<p>Actualmente, Oaxaca no cuenta con la infraestructura adecuada, mobiliario urbano y educaci\u00f3n vial para fomentar este medio de transporte, por lo que a trav\u00e9s de requerimientos, el diputado Sosa Villavicencio busca que se emitan acciones que beneficien a la movilidad y seguridad ciudadana que ven en la bicicleta un medio efectivo de transporte.<\/p>\n","protected":false},"excerpt":{"rendered":"<p>Redacci\u00f3n\/Zona Roja. Oaxaca de Ju\u00e1rez, Oax., 7 de abril de 2021.- El legislador Horacio Sosa&hellip;<\/p>\n","protected":false},"author":2,"featured_media":25654,"comment_status":"closed","ping_status":"open","sticky":false,"template":"","format":"standard","meta":{"_lmt_disableupdate":"","_lmt_disable":"","_jetpack_memberships_contains_paid_content":false,"footnotes":""},"categories":[109,46],"tags":[444],"class_list":["post-25653","post","type-post","status-publish","format-standard","has-post-thumbnail","hentry","category-minuto-a-minuto","category-zona-blanca","tag-horacio-sosa-villavicencio"],"jetpack_featured_media_url":"https:\/\/zonaroja.com.mx\/wp-content\/uploads\/2021\/04\/Horacio-Sosa-V.jpg","jetpack_sharing_enabled":true,"_links":{"self":[{"href":"https:\/\/zonaroja.com.mx\/index.php?rest_route=\/wp\/v2\/posts\/25653","targetHints":{"allow":["GET"]}}],"collection":[{"href":"https:\/\/zonaroja.com.mx\/index.php?rest_route=\/wp\/v2\/posts"}],"about":[{"href":"https:\/\/zonaroja.com.mx\/index.php?rest_route=\/wp\/v2\/types\/post"}],"author":[{"embeddable":true,"href":"https:\/\/zonaroja.com.mx\/index.php?rest_route=\/wp\/v2\/users\/2"}],"replies":[{"embeddable":true,"href":"https:\/\/zonaroja.com.mx\/index.php?rest_route=%2Fwp%2Fv2%2Fcomments&post=25653"}],"version-history":[{"count":1,"href":"https:\/\/zonaroja.com.mx\/index.php?rest_route=\/wp\/v2\/posts\/25653\/revisions"}],"predecessor-version":[{"id":25655,"href":"https:\/\/zonaroja.com.mx\/index.php?rest_route=\/wp\/v2\/posts\/25653\/revisions\/25655"}],"wp:featuredmedia":[{"embeddable":true,"href":"https:\/\/zonaroja.com.mx\/index.php?rest_route=\/wp\/v2\/media\/25654"}],"wp:attachment":[{"href":"https:\/\/zonaroja.com.mx\/index.php?rest_route=%2Fwp%2Fv2%2Fmedia&parent=25653"}],"wp:term":[{"taxonomy":"category","embeddable":true,"href":"https:\/\/zonaroja.com.mx\/index.php?rest_route=%2Fwp%2Fv2%2Fcategories&post=25653"},{"taxonomy":"post_tag","embeddable":true,"href":"https:\/\/zonaroja.com.mx\/index.php?rest_route=%2Fwp%2Fv2%2Ftags&post=25653"}],"curies":[{"name":"wp","href":"https:\/\/api.w.org\/{rel}","templated":true}]}}