{"id":25656,"date":"2021-04-07T07:56:16","date_gmt":"2021-04-07T12:56:16","guid":{"rendered":"http:\/\/www.zonaroja.com.mx\/?p=25656"},"modified":"2021-04-07T07:56:23","modified_gmt":"2021-04-07T12:56:23","slug":"invita-poder-judicial-a-consultar-boletin-sobre-derechos-humanos-genero-y-justicia","status":"publish","type":"post","link":"https:\/\/zonaroja.com.mx\/?p=25656","title":{"rendered":"Invita Poder Judicial a consultar bolet\u00edn sobre derechos humanos, g\u00e9nero y justicia"},"content":{"rendered":"\n<p>Redacci\u00f3n\/Zona Roja.<\/p>\n\n\n\n<p>Oaxaca de Ju\u00e1rez, Oax., 7 de abril de 2021.- Como parte de las acciones que impulsa el Poder Judicial de Oaxaca para fortalecer el conocimiento sobre temas jur\u00eddicos y de inter\u00e9s general, desde un lenguaje ciudadano, a trav\u00e9s de la Direcci\u00f3n de Derechos Humanos se difunde el Bolet\u00edn Digital Derechos Humanos, G\u00e9nero y Justicia que ya se encuentra disponible en su edici\u00f3n n\u00famero 14.<\/p>\n\n\n\n<p>La publicaci\u00f3n aborda lo relacionado con la conclusi\u00f3n del Diplomado en Pluralismo Jur\u00eddico, de la Teor\u00eda a la Praxis, el cual junto con otras actividades como la generaci\u00f3n de nuevos instrumentos te\u00f3rico-metodol\u00f3gicos, abonan en la construcci\u00f3n de un sistema de justicia pluralista, es decir, desde el reconocimiento de la convivencia de varios sistemas de justicia derivado de la multiculturalidad del estado, restituyendo la paz y armon\u00eda social.<\/p>\n\n\n\n<p>Por otra parte, presenta el art\u00edculo \u201cLos Derechos Humanos, el Fracaso de una instituci\u00f3n occidental\u201d, del doctor Jos\u00e9 Ram\u00f3n Narv\u00e1ez Hern\u00e1ndez, quien reflexiona acerca del discurso en el que se encuentran los derechos humanos y las inconsistencias de estos.<\/p>\n\n\n\n<p>Tambi\u00e9n, el maestro Alejandro Pacheco Salazar, forma parte de este n\u00famero a trav\u00e9s del an\u00e1lisis \u201cEl Caso Tlalixtac de Cabrera y el pluralismo jur\u00eddico\u201d, donde aborda la situaci\u00f3n derivada de una revocaci\u00f3n de mandato sucedida en esa poblaci\u00f3n que inicia con la inconformidad que externaron pobladores del municipio en el 2016, respecto al manejo de los recursos p\u00fablicos que se estaban haciendo en el Ayuntamiento.<\/p>\n\n\n\n<p>Asimismo, se encuentra una reflexi\u00f3n del art\u00edculo 5 numeral 6, de la Convenci\u00f3n Americana de Derechos Humanos, con la autor\u00eda del juez de Michoac\u00e1n, Jorge Eduardo Ortiz Garc\u00eda y una s\u00edntesis titulada \u201cDerechos de los pueblos ind\u00edgenas\u201d, de la autor\u00eda de Eugenia Garc\u00eda Ballesteros, mujer Mixteca, originaria de Santa Mar\u00eda Yucuhiti.<\/p>\n\n\n\n<p>El archivo completo se puede consultar en las redes oficiales de la Direcci\u00f3n de Derechos Humanos del Consejo de la Judicatura del Poder Judicial @DerechosDh y a trav\u00e9s del enlace https:\/\/cutt.ly\/5x6h3tx.<\/p>\n\n\n\n<p>El objetivo del Bolet\u00edn Digital Derechos Humanos, G\u00e9nero y Justicia, es reflejar la labor constante de esta \u00e1rea en relaci\u00f3n a la transversalizaci\u00f3n de ejes centrales muy importantes para el sistema de justicia como la perspectiva de g\u00e9nero, el pluralismo jur\u00eddico y la interculturalidad, as\u00ed como los derechos humanos.<\/p>\n","protected":false},"excerpt":{"rendered":"<p>Redacci\u00f3n\/Zona Roja. Oaxaca de Ju\u00e1rez, Oax., 7 de abril de 2021.- Como parte de las&hellip;<\/p>\n","protected":false},"author":2,"featured_media":25657,"comment_status":"closed","ping_status":"open","sticky":false,"template":"","format":"standard","meta":{"_lmt_disableupdate":"","_lmt_disable":"","_jetpack_memberships_contains_paid_content":false,"footnotes":""},"categories":[109,46],"tags":[223],"class_list":["post-25656","post","type-post","status-publish","format-standard","has-post-thumbnail","hentry","category-minuto-a-minuto","category-zona-blanca","tag-poder-judicial-de-oaxaca"],"jetpack_featured_media_url":"https:\/\/zonaroja.com.mx\/wp-content\/uploads\/2021\/04\/1-BOLETIN-GENERO-Y-DERECHOS-HUMANOS-en-su-edicion-numero-14.jpg","jetpack_sharing_enabled":true,"_links":{"self":[{"href":"https:\/\/zonaroja.com.mx\/index.php?rest_route=\/wp\/v2\/posts\/25656","targetHints":{"allow":["GET"]}}],"collection":[{"href":"https:\/\/zonaroja.com.mx\/index.php?rest_route=\/wp\/v2\/posts"}],"about":[{"href":"https:\/\/zonaroja.com.mx\/index.php?rest_route=\/wp\/v2\/types\/post"}],"author":[{"embeddable":true,"href":"https:\/\/zonaroja.com.mx\/index.php?rest_route=\/wp\/v2\/users\/2"}],"replies":[{"embeddable":true,"href":"https:\/\/zonaroja.com.mx\/index.php?rest_route=%2Fwp%2Fv2%2Fcomments&post=25656"}],"version-history":[{"count":1,"href":"https:\/\/zonaroja.com.mx\/index.php?rest_route=\/wp\/v2\/posts\/25656\/revisions"}],"predecessor-version":[{"id":25658,"href":"https:\/\/zonaroja.com.mx\/index.php?rest_route=\/wp\/v2\/posts\/25656\/revisions\/25658"}],"wp:featuredmedia":[{"embeddable":true,"href":"https:\/\/zonaroja.com.mx\/index.php?rest_route=\/wp\/v2\/media\/25657"}],"wp:attachment":[{"href":"https:\/\/zonaroja.com.mx\/index.php?rest_route=%2Fwp%2Fv2%2Fmedia&parent=25656"}],"wp:term":[{"taxonomy":"category","embeddable":true,"href":"https:\/\/zonaroja.com.mx\/index.php?rest_route=%2Fwp%2Fv2%2Fcategories&post=25656"},{"taxonomy":"post_tag","embeddable":true,"href":"https:\/\/zonaroja.com.mx\/index.php?rest_route=%2Fwp%2Fv2%2Ftags&post=25656"}],"curies":[{"name":"wp","href":"https:\/\/api.w.org\/{rel}","templated":true}]}}