{"id":25666,"date":"2021-04-07T15:32:39","date_gmt":"2021-04-07T20:32:39","guid":{"rendered":"http:\/\/www.zonaroja.com.mx\/?p=25666"},"modified":"2021-04-07T15:32:43","modified_gmt":"2021-04-07T20:32:43","slug":"confirman-sustitucion-de-delfina-guzman-en-fraccion-de-morena-en-congreso","status":"publish","type":"post","link":"https:\/\/zonaroja.com.mx\/?p=25666","title":{"rendered":"Confirman sustituci\u00f3n de Delfina Guzm\u00e1n en fracci\u00f3n de Morena en Congreso"},"content":{"rendered":"\n<p>Yuridiana Sosa\/Zona Roja.<\/p>\n\n\n\n<p>Oaxaca de Ju\u00e1rez, Oax., 7 de abril de 2021.- Tras desconocer a Delfina Guzm\u00e1n D\u00edaz como coordinadora del grupo parlamentario de Morena en la 64 Legislatura de Oaxaca, los diputados de esta fracci\u00f3n confirmaron la designaci\u00f3n de Fredie Delf\u00edn Avenda\u00f1o, como nuevo coordinador.<\/p>\n\n\n\n<p>Este mi\u00e9rcoles, la Junta de Coordinaci\u00f3n Pol\u00edtica del Congreso del Estado recibi\u00f3 el acta de acuerdos sobre la sustituci\u00f3n de Guzm\u00e1n D\u00edaz, quien a su vez es la presidenta de la Junta de Coordinaci\u00f3n Pol\u00edtica y qui\u00e9n no firm\u00f3 el oficio por el que se da por enterada.<\/p>\n\n\n\n<p>Delfina Elizabeth Guzm\u00e1n D\u00edaz fue designada como coordinadora del Grupo Parlamentario de Moreno y presidenta de la Jucopo el pasado 18 de noviembre de 2020, cargos que a partir de esta fecha ocupar\u00e1 Delf\u00edn Avenda\u00f1o.<\/p>\n\n\n\n<p>Desde ayer por la tarde circul\u00f3 sobre el probable relevo, ante el descontento de los diputados de Morena con Delfina Guzm\u00e1n, por una serie de conflictos registrados en el partido.<\/p>\n\n\n\n<p>As\u00ed tambi\u00e9n, este martes se dio a conocer de m\u00e1s divisiones en el partido de la Cuarta Transformaci\u00f3n por la designaci\u00f3n de candidatos a la contienda electoral.<\/p>\n\n\n\n<p>La secretaria General de Morena, Elizabeth Reyes Nolasco denunci\u00f3 agandalle e imposiciones, en las que se ignor\u00f3 la trayectoria pol\u00edtica y militancia comprobada en este partido.<\/p>\n","protected":false},"excerpt":{"rendered":"<p>Yuridiana Sosa\/Zona Roja. Oaxaca de Ju\u00e1rez, Oax., 7 de abril de 2021.- Tras desconocer a&hellip;<\/p>\n","protected":false},"author":2,"featured_media":25667,"comment_status":"closed","ping_status":"open","sticky":false,"template":"","format":"standard","meta":{"_lmt_disableupdate":"","_lmt_disable":"","_jetpack_memberships_contains_paid_content":false,"footnotes":""},"categories":[109,47],"tags":[213],"class_list":["post-25666","post","type-post","status-publish","format-standard","has-post-thumbnail","hentry","category-minuto-a-minuto","category-zona-gris","tag-64-legislatura-de-oaxaca"],"jetpack_featured_media_url":"https:\/\/zonaroja.com.mx\/wp-content\/uploads\/2021\/04\/Fredie-Delfin-Avendano.jpg","jetpack_sharing_enabled":true,"_links":{"self":[{"href":"https:\/\/zonaroja.com.mx\/index.php?rest_route=\/wp\/v2\/posts\/25666","targetHints":{"allow":["GET"]}}],"collection":[{"href":"https:\/\/zonaroja.com.mx\/index.php?rest_route=\/wp\/v2\/posts"}],"about":[{"href":"https:\/\/zonaroja.com.mx\/index.php?rest_route=\/wp\/v2\/types\/post"}],"author":[{"embeddable":true,"href":"https:\/\/zonaroja.com.mx\/index.php?rest_route=\/wp\/v2\/users\/2"}],"replies":[{"embeddable":true,"href":"https:\/\/zonaroja.com.mx\/index.php?rest_route=%2Fwp%2Fv2%2Fcomments&post=25666"}],"version-history":[{"count":1,"href":"https:\/\/zonaroja.com.mx\/index.php?rest_route=\/wp\/v2\/posts\/25666\/revisions"}],"predecessor-version":[{"id":25668,"href":"https:\/\/zonaroja.com.mx\/index.php?rest_route=\/wp\/v2\/posts\/25666\/revisions\/25668"}],"wp:featuredmedia":[{"embeddable":true,"href":"https:\/\/zonaroja.com.mx\/index.php?rest_route=\/wp\/v2\/media\/25667"}],"wp:attachment":[{"href":"https:\/\/zonaroja.com.mx\/index.php?rest_route=%2Fwp%2Fv2%2Fmedia&parent=25666"}],"wp:term":[{"taxonomy":"category","embeddable":true,"href":"https:\/\/zonaroja.com.mx\/index.php?rest_route=%2Fwp%2Fv2%2Fcategories&post=25666"},{"taxonomy":"post_tag","embeddable":true,"href":"https:\/\/zonaroja.com.mx\/index.php?rest_route=%2Fwp%2Fv2%2Ftags&post=25666"}],"curies":[{"name":"wp","href":"https:\/\/api.w.org\/{rel}","templated":true}]}}