{"id":25670,"date":"2021-04-07T16:15:22","date_gmt":"2021-04-07T21:15:22","guid":{"rendered":"https:\/\/www.zonaroja.com.mx\/?p=25670"},"modified":"2021-04-07T16:15:27","modified_gmt":"2021-04-07T21:15:27","slug":"cambio-en-jucopo-acto-contrario-a-la-ley-y-de-incongruencia-politica-delfina","status":"publish","type":"post","link":"https:\/\/zonaroja.com.mx\/?p=25670","title":{"rendered":"Cambio en Jucopo, \u201cacto contrario a la ley y de incongruencia pol\u00edtica\u201d: Delfina"},"content":{"rendered":"\n<p class=\"MsoNormal\">Redacci\u00f3n\/Zona Roja.<\/p>\n\n\n\n<p class=\"MsoNormal\">Oaxaca de Ju\u00e1rez, Oax., 7 de abril de 2021.- El cambio en la fracci\u00f3n parlamentaria del Partido Morena en la 64 Legislatura del Estado, y en consecuencia en la Junta de Coordinaci\u00f3n Pol\u00edtica (Jucopo), es contrario a la ley y de incongruencia pol\u00edtica, consider\u00f3 la diputada Delfina Guzm\u00e1n Diaz.<\/p>\n\n\n\n<p>Este es el texto de una carta p\u00fablica que emiti\u00f3 este mi\u00e9rcoles, tras el acuerdo de la mayor\u00eda de legisladores morenistas:<\/p>\n\n\n\n<p class=\"MsoNormal\">\u201cEsto es as\u00ed, debido a que la supuesta reuni\u00f3n en que se me destituye, de fecha seis de abril, as\u00ed como la de Junta de Cordinaci\u00f3n Pol\u00edtica de este siete de abril fueron realizadas, a mis espaldas, sin convocatoria formal previa, sin mi presencia y consecuentemente sin otorgarme el derecho de defensa. <\/p>\n\n\n\n<p class=\"MsoNormal\">\u201cPero adem\u00e1s, utilizando un argumento que a todas luces resulta ser mis\u00f3gino y un acto de violencia pol\u00edtica, pues se dice que no ser\u00e9 capaz de ser candidata a la diputaci\u00f3n local y coordinadora de la fracci\u00f3n parlamentaria.  Todo ello en contravenci\u00f3n a la Constituci\u00f3n.<\/p>\n\n\n\n<p class=\"MsoNormal\">\u201cPero adem\u00e1s, nuestro reglamento interno como Grupo Parlamentario se\u00f1ala muy claramente que el cargo de Coordinador o Coordinadora se determinar\u00e1 al inicio del a\u00f1o legislativo y tendr\u00e1 una duraci\u00f3n de 12 meses. Adem\u00e1s, se contraviene un acuerdo interno por medio del cual, ante la composici\u00f3n parlamentaria mayoritariamente de mujeres, la coordinaci\u00f3n recaer\u00eda en dos mujeres y un var\u00f3n, durante un a\u00f1o cada uno. Quien ha coordinado mi cambio y se propone para relevarme es el diputado Fredie Delf\u00edn Avenda\u00f1o.<\/p>\n\n\n\n<p class=\"MsoNormal\">\u201cPor otra parte, para validar mi ilegal sustituci\u00f3n se pretende realizar una sesi\u00f3n a la que deber\u00eda convocar la presidencia de la mesa directiva del Congreso, misma que se encuentra ac\u00e9fala debido a que tanto el presidente como la vicepresidenta han solicitado licencia para contender al cargo de presidentes municipales.<\/p>\n\n\n\n<p class=\"MsoNormal\">@Consecuentemente, no solo se viola la Constituci\u00f3n, el reglamento interno del Congreso, nuestro reglamento interno de partido y acuerdos pol\u00edticos previos, sino tambi\u00e9n leyes de paridad de g\u00e9nero y contra la violencia pol\u00edtica que nosotros mismos hemos aprobado.<\/p>\n\n\n\n<p class=\"MsoNormal\">\u201cPor ende, denunciar\u00e9 p\u00fablicamente y ante las instancias internas de mi partido e instancias jurisdiccionales estas circunstancias, mientras tanto permanezco como la representante legal del Honorable Congreso del Estado de Oaxaca, al presidir la Junta de Coordinaci\u00f3n Pol\u00edtica.<\/p>\n\n\n\n<p class=\"MsoNormal\">@Quiero se\u00f1alar que no me aferro al cargo, sino que no puedo dejar pasar esta afrenta siendo representante popular y al asumirme como la voz de las mujeres oaxaque\u00f1as.<\/p>\n\n\n\n<p class=\"MsoNormal\">\u201cReitero adem\u00e1s que respeto toda acci\u00f3n, comentarios y postura de mis compa\u00f1eros y compa\u00f1eras legisladoras. Morena es un movimiento que respeta y vive en su interior la pluralidad, la libertad de ideas y expresiones.<\/p>\n\n\n\n<p class=\"MsoNormal\">\u201cPor esto, reitero mi compromiso en interponer ante toda situaci\u00f3n, el di\u00e1logo y la raz\u00f3n, sin caer en choque de ideas, fricciones ni denostaciones.<\/p>\n\n\n\n<p class=\"MsoNormal\">\u201cSoy una mujer respetuosa de toda decisi\u00f3n, siempre que estas sean tomadas con responsabilidad y dentro del marco de la legalidad. Mientras tanto, continuar\u00e9 asumiendo con responsabilidad los cargos que me han sido conferidos en la LXIV Legislatura local\u201d.<\/p>\n","protected":false},"excerpt":{"rendered":"<p>Redacci\u00f3n\/Zona Roja. Oaxaca de Ju\u00e1rez, Oax., 7 de abril de 2021.- El cambio en la&hellip;<\/p>\n","protected":false},"author":2,"featured_media":25669,"comment_status":"closed","ping_status":"open","sticky":false,"template":"","format":"standard","meta":{"_lmt_disableupdate":"","_lmt_disable":"","_jetpack_memberships_contains_paid_content":false,"footnotes":""},"categories":[109,47],"tags":[],"class_list":["post-25670","post","type-post","status-publish","format-standard","has-post-thumbnail","hentry","category-minuto-a-minuto","category-zona-gris"],"jetpack_featured_media_url":"https:\/\/zonaroja.com.mx\/wp-content\/uploads\/2021\/04\/img_1409.jpg","jetpack_sharing_enabled":true,"_links":{"self":[{"href":"https:\/\/zonaroja.com.mx\/index.php?rest_route=\/wp\/v2\/posts\/25670","targetHints":{"allow":["GET"]}}],"collection":[{"href":"https:\/\/zonaroja.com.mx\/index.php?rest_route=\/wp\/v2\/posts"}],"about":[{"href":"https:\/\/zonaroja.com.mx\/index.php?rest_route=\/wp\/v2\/types\/post"}],"author":[{"embeddable":true,"href":"https:\/\/zonaroja.com.mx\/index.php?rest_route=\/wp\/v2\/users\/2"}],"replies":[{"embeddable":true,"href":"https:\/\/zonaroja.com.mx\/index.php?rest_route=%2Fwp%2Fv2%2Fcomments&post=25670"}],"version-history":[{"count":1,"href":"https:\/\/zonaroja.com.mx\/index.php?rest_route=\/wp\/v2\/posts\/25670\/revisions"}],"predecessor-version":[{"id":25671,"href":"https:\/\/zonaroja.com.mx\/index.php?rest_route=\/wp\/v2\/posts\/25670\/revisions\/25671"}],"wp:featuredmedia":[{"embeddable":true,"href":"https:\/\/zonaroja.com.mx\/index.php?rest_route=\/wp\/v2\/media\/25669"}],"wp:attachment":[{"href":"https:\/\/zonaroja.com.mx\/index.php?rest_route=%2Fwp%2Fv2%2Fmedia&parent=25670"}],"wp:term":[{"taxonomy":"category","embeddable":true,"href":"https:\/\/zonaroja.com.mx\/index.php?rest_route=%2Fwp%2Fv2%2Fcategories&post=25670"},{"taxonomy":"post_tag","embeddable":true,"href":"https:\/\/zonaroja.com.mx\/index.php?rest_route=%2Fwp%2Fv2%2Ftags&post=25670"}],"curies":[{"name":"wp","href":"https:\/\/api.w.org\/{rel}","templated":true}]}}