{"id":25672,"date":"2021-04-07T17:37:38","date_gmt":"2021-04-07T22:37:38","guid":{"rendered":"https:\/\/www.zonaroja.com.mx\/?p=25672"},"modified":"2021-04-07T17:37:41","modified_gmt":"2021-04-07T22:37:41","slug":"otra-de-imss-emite-cndh-recomendacion-por-destituir-a-mujer-indigena-en-oaxaca","status":"publish","type":"post","link":"https:\/\/zonaroja.com.mx\/?p=25672","title":{"rendered":"Otra de IMSS: emite CNDH recomendaci\u00f3n por destituir a mujer ind\u00edgena en Oaxaca"},"content":{"rendered":"\n<p class=\"MsoNormal\">Evlin Arag\u00f3n\/Zona Roja. <\/p>\n\n\n\n<p class=\"MsoNormal\">Oaxaca de Ju\u00e1rez, Oax., 7 de abril de 2021:- La Comisi\u00f3n Nacional de Derechos Humanos (CNDH) emiti\u00f3 una recomendaci\u00f3n al Instituto Mexicano del Seguro Social (IMSS) por la vulneraci\u00f3n a los derechos de una mujer ind\u00edgena trabajadora de la dependencia, adscrita al Hospital Rural de San Ildefonso Villa Alta, Oaxaca, de donde fue destituida a pesar de ser v\u00edctima de violencia digital.  <\/p>\n\n\n\n<p class=\"MsoNormal\">Bajo el n\u00famero 11\/2021, la recomendaci\u00f3n est\u00e1 dirigida al director general del IMSS, Zo\u00e9 Alejandro Robledo Aburto, por la vulneraci\u00f3n a los derechos a la legalidad y seguridad jur\u00eddica; intimidad y vida privada; as\u00ed como a una vida libre de violencia, en agravio de una oaxaque\u00f1a.&nbsp;&nbsp;<\/p>\n\n\n\n<p class=\"MsoNormal\">Lo anterior, luego de que <a href=\"\/\/0\">el 27 de septiembre<\/a>, el delegado del IMSS-Bienestar Oaxaca, solicit\u00f3 a la v\u00edctima su renuncia o cambio de adscripci\u00f3n, al se\u00f1alar que circulaban \u201cfotos \u00edntimas\u201d de ella, situaci\u00f3n que, en lugar de ser investigada como violencia digital, delito tipificado en la entidad, sirvi\u00f3 de pretexto para removerla de su cargo, vulnerando as\u00ed sus derechos laborales.  <\/p>\n\n\n\n<p class=\"MsoNormal\">\u201cEl IMSS, debi\u00f3 realizar una investigaci\u00f3n interna para esclarecer donde se origin\u00f3 la circulaci\u00f3n de las im\u00e1genes, c\u00f3mo se circularon, qui\u00e9nes intervinieron y las tienen en sus tel\u00e9fonos celulares, equipos de c\u00f3mputo, si se almacenaron, circularon en redes sociales o alg\u00fan medio digital, lo que podr\u00eda generar violencia digital, tipificada como delito en el estado de Oaxaca\u201d, refiere la recomendaci\u00f3n.&nbsp;&nbsp;<\/p>\n\n\n\n<p class=\"MsoNormal\">En este mismo sentido, el documento evidencia que las autoridades del IMSS se negaron a garantizar y proteger el derecho a la intimidad de la agraviada y no detuvieron la violencia sexual, psicol\u00f3gica y laboral, originada por la publicaci\u00f3n de dichas fotograf\u00edas, lo que deriv\u00f3 en la revictimizaci\u00f3n, discriminaci\u00f3n y violencia institucional en contra de la mujer al interior del nosocomio.&nbsp;<\/p>\n\n\n\n<p class=\"MsoNormal\">Y es que las autoridades, lejos de atender con seriedad la problem\u00e1tica, impulsaron&nbsp;un procedimiento administrativo, carente de perspectiva de g\u00e9nero, donde se le responsabiliza a la v\u00edctima por las fotos en circulaci\u00f3n, determinando la \u201cp\u00e9rdida de confianza\u201d por parte de la dependencia y solicit\u00e1ndole su renuncia o cambio de adscripci\u00f3n.&nbsp;&nbsp;<\/p>\n\n\n\n<p class=\"MsoNormal\">Por lo anterior la CNDH recomend\u00f3 al titular del IMSS capacitar en materia de violencia de g\u00e9nero y \u00e9tica profesional al personal administrativo y operativo del Hospital Rural del IMSS-Bienestar; implementar un Protocolo de Prevenci\u00f3n y Atenci\u00f3n a Casos de Violencia Digital; realizar una campa\u00f1a de difusi\u00f3n sobre el derecho de las mujeres a vivir a una vida libre de violencia.&nbsp;&nbsp;<\/p>\n\n\n\n<p class=\"xmsonormal\">No es el primer caso que atiende el organismo defensor de los derechos humanos ya que, a inicios del mes de abril,&nbsp;confirm\u00f3 que existe una queja en contra del m\u00e9dico Miguel \u00c1ngel L\u00f3pez Ortiz, gerente del Programa IMSS Bienestar de Oaxaca, por acoso en contra de mujeres trabajadoras de la dependencia.&nbsp;&nbsp;<\/p>\n\n\n\n<p class=\"xmsonormal\">De acuerdo con el acuse de la queja, el m\u00e9dico ha sido se\u00f1alado por personal m\u00e9dico y administrativo de la capital de Oaxaca, Huajuapan de Le\u00f3n y Tlacolula de Matamoros, que refiri\u00f3 conductas inapropiadas por parte del galeno, misma que fue reportada en tiempo y forma.  <\/p>\n","protected":false},"excerpt":{"rendered":"<p>Evlin Arag\u00f3n\/Zona Roja. Oaxaca de Ju\u00e1rez, Oax., 7 de abril de 2021:- La Comisi\u00f3n Nacional&hellip;<\/p>\n","protected":false},"author":2,"featured_media":7532,"comment_status":"closed","ping_status":"open","sticky":false,"template":"","format":"standard","meta":{"_lmt_disableupdate":"","_lmt_disable":"","_jetpack_memberships_contains_paid_content":false,"footnotes":""},"categories":[109,47],"tags":[],"class_list":["post-25672","post","type-post","status-publish","format-standard","has-post-thumbnail","hentry","category-minuto-a-minuto","category-zona-gris"],"jetpack_featured_media_url":"https:\/\/zonaroja.com.mx\/wp-content\/uploads\/2020\/01\/IMSS-Oaxaca.jpg","jetpack_sharing_enabled":true,"_links":{"self":[{"href":"https:\/\/zonaroja.com.mx\/index.php?rest_route=\/wp\/v2\/posts\/25672","targetHints":{"allow":["GET"]}}],"collection":[{"href":"https:\/\/zonaroja.com.mx\/index.php?rest_route=\/wp\/v2\/posts"}],"about":[{"href":"https:\/\/zonaroja.com.mx\/index.php?rest_route=\/wp\/v2\/types\/post"}],"author":[{"embeddable":true,"href":"https:\/\/zonaroja.com.mx\/index.php?rest_route=\/wp\/v2\/users\/2"}],"replies":[{"embeddable":true,"href":"https:\/\/zonaroja.com.mx\/index.php?rest_route=%2Fwp%2Fv2%2Fcomments&post=25672"}],"version-history":[{"count":1,"href":"https:\/\/zonaroja.com.mx\/index.php?rest_route=\/wp\/v2\/posts\/25672\/revisions"}],"predecessor-version":[{"id":25673,"href":"https:\/\/zonaroja.com.mx\/index.php?rest_route=\/wp\/v2\/posts\/25672\/revisions\/25673"}],"wp:featuredmedia":[{"embeddable":true,"href":"https:\/\/zonaroja.com.mx\/index.php?rest_route=\/wp\/v2\/media\/7532"}],"wp:attachment":[{"href":"https:\/\/zonaroja.com.mx\/index.php?rest_route=%2Fwp%2Fv2%2Fmedia&parent=25672"}],"wp:term":[{"taxonomy":"category","embeddable":true,"href":"https:\/\/zonaroja.com.mx\/index.php?rest_route=%2Fwp%2Fv2%2Fcategories&post=25672"},{"taxonomy":"post_tag","embeddable":true,"href":"https:\/\/zonaroja.com.mx\/index.php?rest_route=%2Fwp%2Fv2%2Ftags&post=25672"}],"curies":[{"name":"wp","href":"https:\/\/api.w.org\/{rel}","templated":true}]}}