{"id":25674,"date":"2021-04-07T18:02:28","date_gmt":"2021-04-07T23:02:28","guid":{"rendered":"https:\/\/www.zonaroja.com.mx\/?p=25674"},"modified":"2021-04-07T18:02:31","modified_gmt":"2021-04-07T23:02:31","slug":"seis-municipios-de-oaxaca-con-mayor-incidencia-en-trata-de-persona","status":"publish","type":"post","link":"https:\/\/zonaroja.com.mx\/?p=25674","title":{"rendered":"Seis municipios de Oaxaca con mayor incidencia en trata de persona"},"content":{"rendered":"\n<p class=\"MsoNormal\">Evlin Arag\u00f3n\/Zona Roja. <\/p>\n\n\n\n<p class=\"MsoNormal\">Oaxaca de Ju\u00e1rez, Oax., 7 de abril de 2021.- Huajuapan de Le\u00f3n, Santa Mar\u00eda Huatulco, Salina Cruz, Oaxaca de Ju\u00e1rez, Santo Domingo Tehuantepec y Santa Lucia del Camino, son los municipios de la entidad oaxaque\u00f1a con mayor incidencia en el delito de Trata de Personas, ello en perjuicio de ni\u00f1as y mujeres j\u00f3venes, principalmente.  <\/p>\n\n\n\n<p class=\"MsoNormal\">Lo anterior de acuerdo con el Informe Oaxaca \u201cTrata de personas. Pol\u00edticas p\u00fablicas en estados y municipios\u201d, realizado por la Defensor\u00eda de los Derechos Humanos del Pueblo de Oaxaca, el Centro de Estudios Sociales y Culturales \u201cAntonio de Montesinos\u201d y la Asociaci\u00f3n Civil \u201cLuna del Sur\u201d.&nbsp;<\/p>\n\n\n\n<p class=\"MsoNormal\">De acuerdo con el documento, presentado&nbsp;<a href=\"\/\/1\">este mi\u00e9rcoles<\/a>&nbsp;por Alicia Mesa Bribiesca y Paola Solano Angulo, en el caso de Huajuapan de Le\u00f3n se registran secuestros y desapariciones recurrentes de mujeres, por lo que ha sido clasificado como lugar de destino de las v\u00edctimas; mientras que Santa Lucia del Camino se ubica como zona roja en explotaci\u00f3n sexual.&nbsp;&nbsp;<\/p>\n\n\n\n<p class=\"MsoNormal\">Los municipios de Oaxaca de Ju\u00e1rez y Santo Domingo Tehuantepec, que adem\u00e1s cuentan con Alerta de Violencia de G\u00e9nero, registran un importante n\u00famero de desapariciones y posible explotaci\u00f3n sexual.&nbsp;&nbsp;<\/p>\n\n\n\n<p class=\"MsoNormal\">Mientras que en el caso de Santa Mar\u00eda Huatulco y Salina Cruz se ha detectado el turismo sexual, espec\u00edficamente explotaci\u00f3n sexual infantil; adem\u00e1s que se han convertido en paso de redes de trata.&nbsp;&nbsp;<\/p>\n\n\n\n<p class=\"MsoNormal\">El informe tambi\u00e9n refiere el subregistro de casos al interior de la Fiscal\u00eda General de Justicia de Oaxaca, toda vez que del 2018 al 2019, de acuerdo con fuentes period\u00edstica se reportan 205 casos por trata de personas; mientras que la dependencia s\u00f3lo report\u00f3 12 v\u00edctimas -11 mujeres y un adolescente- en 2019, 9 m\u00e1s en 2020; 14 carpetas en tr\u00e1mite en lo que va del 2021. <\/p>\n\n\n\n<p class=\"MsoNormal\">As\u00ed mismo, evidencia la simulaci\u00f3n por parte de las autoridades en torno a la atenci\u00f3n de la problem\u00e1tica, ya que existe una Comisi\u00f3n Intersecretarial dise\u00f1ada para implementar pol\u00edticas p\u00fablicas que atiendan la Trata de Personas, sin embargo, esta s\u00f3lo se ha reunido una vez, en julio del 2019, siendo inoperante. <\/p>\n\n\n\n<p class=\"MsoNormal\">Mientras que la Secretar\u00eda de Seguridad P\u00fablica (SSPO) declar\u00f3 no contar con presupuesto etiquetado para la prevenci\u00f3n de la trata de personas, y la Fiscal\u00eda se\u00f1al\u00f3, en el 2019, la falta de personal para perseguir, sancionar y atender el delito en Oaxaca. <\/p>\n\n\n\n<p class=\"MsoNormal\">Por lo anterior, las instancias en defensa de los derechos humanos solicitaron a las autoridades estatales y municipales: implementar capacitaciones para identificar el delito y procesarlo con las instancias correspondientes; dise\u00f1ar programas y campa\u00f1as de alto impacto que permitan disminuir la demanda de servicios sexuales; as\u00ed como habilitar una l\u00ednea telef\u00f3nica para atender a las v\u00edctimas o testigo de delito y difundirla para que se tenga conocimiento de ello.  <\/p>\n\n\n\n<p class=\"MsoNormal\">Ello sin olvidar, que el Congreso local debe dotar de presupuesto para atender la problem\u00e1tica, ya que la implementaci\u00f3n de pol\u00edticas p\u00fablicas sin recursos econ\u00f3micos, se traduce en simple demagogia.<\/p>\n","protected":false},"excerpt":{"rendered":"<p>Evlin Arag\u00f3n\/Zona Roja. Oaxaca de Ju\u00e1rez, Oax., 7 de abril de 2021.- Huajuapan de Le\u00f3n,&hellip;<\/p>\n","protected":false},"author":2,"featured_media":3138,"comment_status":"closed","ping_status":"open","sticky":false,"template":"","format":"standard","meta":{"_lmt_disableupdate":"","_lmt_disable":"","_jetpack_memberships_contains_paid_content":false,"footnotes":""},"categories":[109,47],"tags":[],"class_list":["post-25674","post","type-post","status-publish","format-standard","has-post-thumbnail","hentry","category-minuto-a-minuto","category-zona-gris"],"jetpack_featured_media_url":"https:\/\/zonaroja.com.mx\/wp-content\/uploads\/2019\/08\/Trata.jpg","jetpack_sharing_enabled":true,"_links":{"self":[{"href":"https:\/\/zonaroja.com.mx\/index.php?rest_route=\/wp\/v2\/posts\/25674","targetHints":{"allow":["GET"]}}],"collection":[{"href":"https:\/\/zonaroja.com.mx\/index.php?rest_route=\/wp\/v2\/posts"}],"about":[{"href":"https:\/\/zonaroja.com.mx\/index.php?rest_route=\/wp\/v2\/types\/post"}],"author":[{"embeddable":true,"href":"https:\/\/zonaroja.com.mx\/index.php?rest_route=\/wp\/v2\/users\/2"}],"replies":[{"embeddable":true,"href":"https:\/\/zonaroja.com.mx\/index.php?rest_route=%2Fwp%2Fv2%2Fcomments&post=25674"}],"version-history":[{"count":1,"href":"https:\/\/zonaroja.com.mx\/index.php?rest_route=\/wp\/v2\/posts\/25674\/revisions"}],"predecessor-version":[{"id":25675,"href":"https:\/\/zonaroja.com.mx\/index.php?rest_route=\/wp\/v2\/posts\/25674\/revisions\/25675"}],"wp:featuredmedia":[{"embeddable":true,"href":"https:\/\/zonaroja.com.mx\/index.php?rest_route=\/wp\/v2\/media\/3138"}],"wp:attachment":[{"href":"https:\/\/zonaroja.com.mx\/index.php?rest_route=%2Fwp%2Fv2%2Fmedia&parent=25674"}],"wp:term":[{"taxonomy":"category","embeddable":true,"href":"https:\/\/zonaroja.com.mx\/index.php?rest_route=%2Fwp%2Fv2%2Fcategories&post=25674"},{"taxonomy":"post_tag","embeddable":true,"href":"https:\/\/zonaroja.com.mx\/index.php?rest_route=%2Fwp%2Fv2%2Ftags&post=25674"}],"curies":[{"name":"wp","href":"https:\/\/api.w.org\/{rel}","templated":true}]}}