{"id":25676,"date":"2021-04-07T20:45:28","date_gmt":"2021-04-08T01:45:28","guid":{"rendered":"http:\/\/www.zonaroja.com.mx\/?p=25676"},"modified":"2021-04-07T20:45:33","modified_gmt":"2021-04-08T01:45:33","slug":"oficializa-el-congreso-de-oaxaca-designacion-de-fredie-delfin","status":"publish","type":"post","link":"https:\/\/zonaroja.com.mx\/?p=25676","title":{"rendered":"Oficializa el Congreso de Oaxaca designaci\u00f3n de Fredie Delf\u00edn"},"content":{"rendered":"\n<p>Redacci\u00f3n\/Zona Roja.<\/p>\n\n\n\n<p>Oaxaca de Ju\u00e1rez, Oax. 7 de abril de 2021.- El diputado local Fredie Delf\u00edn Avenda\u00f1o, asumi\u00f3 la presidencia de la Junta de Coordinaci\u00f3n Pol\u00edtica (Jucopo) del Congreso del Estado de Oaxaca, en sustituci\u00f3n de la legisladora, Delfina Guzm\u00e1n D\u00edaz.<\/p>\n\n\n\n<p>En sesi\u00f3n ordinaria desarrollada la tarde de este mi\u00e9rcoles 7 de abril, en sede alterna avalada por la mayor\u00eda de las y los integrantes de la 64 Legislatura local, el pleno aval\u00f3 el acuerdo de la Jucopo, por el cual se dio por enterada de la designaci\u00f3n de Delf\u00edn Avenda\u00f1o como coordinador de Grupo Parlamentario de Morena, y su integraci\u00f3n como presidente de este \u00f3rgano de gobierno.<\/p>\n\n\n\n<p>Lo anterior en cumplimiento a lo decretado en el Art\u00edculo 46 de la Ley Org\u00e1nica del Poder Legislativo del Estado Libre y Soberano de Oaxaca, que establece que los integrantes de la Jucopo podr\u00e1n ser sustituidos temporal o definitivamente, de conformidad con las reglas internas de los grupos parlamentarios.<\/p>\n\n\n\n<p>Este cambio qued\u00f3 sustentado en el acta de acuerdo emitido y avalado por la mayor\u00eda de los y las diputadas integrantes del Grupo Parlamentario de Morena.<\/p>\n\n\n\n<p>Dicho acuerdo, adem\u00e1s designa para el periodo de abril a noviembre del tercer a\u00f1o de ejercicio de la 64 Legislatura del Congreso de Oaxaca, a la legisladora Elena Cuevas Hern\u00e1ndez, como Vicecordinadora y al congresista Mauro Cruz S\u00e1nchez, como vocero, ambos del grupo parlamentario de Morena.<\/p>\n\n\n\n<p>El representante popular Fredie Delf\u00edn Avenda\u00f1o, fungi\u00f3 durante los primeros dos a\u00f1os de ejercicio legal y parte del tercero, como presidente de la Comisi\u00f3n Permanente de Vigilancia del Sistema Estatal de Combate a la Corrupci\u00f3n.<\/p>\n","protected":false},"excerpt":{"rendered":"<p>Redacci\u00f3n\/Zona Roja. Oaxaca de Ju\u00e1rez, Oax. 7 de abril de 2021.- El diputado local Fredie&hellip;<\/p>\n","protected":false},"author":2,"featured_media":25677,"comment_status":"closed","ping_status":"open","sticky":false,"template":"","format":"standard","meta":{"_lmt_disableupdate":"","_lmt_disable":"","_jetpack_memberships_contains_paid_content":false,"footnotes":""},"categories":[109,46],"tags":[213],"class_list":["post-25676","post","type-post","status-publish","format-standard","has-post-thumbnail","hentry","category-minuto-a-minuto","category-zona-blanca","tag-64-legislatura-de-oaxaca"],"jetpack_featured_media_url":"https:\/\/zonaroja.com.mx\/wp-content\/uploads\/2021\/04\/Sesion-Congreso.jpg","jetpack_sharing_enabled":true,"_links":{"self":[{"href":"https:\/\/zonaroja.com.mx\/index.php?rest_route=\/wp\/v2\/posts\/25676","targetHints":{"allow":["GET"]}}],"collection":[{"href":"https:\/\/zonaroja.com.mx\/index.php?rest_route=\/wp\/v2\/posts"}],"about":[{"href":"https:\/\/zonaroja.com.mx\/index.php?rest_route=\/wp\/v2\/types\/post"}],"author":[{"embeddable":true,"href":"https:\/\/zonaroja.com.mx\/index.php?rest_route=\/wp\/v2\/users\/2"}],"replies":[{"embeddable":true,"href":"https:\/\/zonaroja.com.mx\/index.php?rest_route=%2Fwp%2Fv2%2Fcomments&post=25676"}],"version-history":[{"count":1,"href":"https:\/\/zonaroja.com.mx\/index.php?rest_route=\/wp\/v2\/posts\/25676\/revisions"}],"predecessor-version":[{"id":25678,"href":"https:\/\/zonaroja.com.mx\/index.php?rest_route=\/wp\/v2\/posts\/25676\/revisions\/25678"}],"wp:featuredmedia":[{"embeddable":true,"href":"https:\/\/zonaroja.com.mx\/index.php?rest_route=\/wp\/v2\/media\/25677"}],"wp:attachment":[{"href":"https:\/\/zonaroja.com.mx\/index.php?rest_route=%2Fwp%2Fv2%2Fmedia&parent=25676"}],"wp:term":[{"taxonomy":"category","embeddable":true,"href":"https:\/\/zonaroja.com.mx\/index.php?rest_route=%2Fwp%2Fv2%2Fcategories&post=25676"},{"taxonomy":"post_tag","embeddable":true,"href":"https:\/\/zonaroja.com.mx\/index.php?rest_route=%2Fwp%2Fv2%2Ftags&post=25676"}],"curies":[{"name":"wp","href":"https:\/\/api.w.org\/{rel}","templated":true}]}}