{"id":25679,"date":"2021-04-07T21:47:00","date_gmt":"2021-04-08T02:47:00","guid":{"rendered":"http:\/\/www.zonaroja.com.mx\/?p=25679"},"modified":"2021-04-07T21:47:03","modified_gmt":"2021-04-08T02:47:03","slug":"colectivos-feministas-de-la-mixteca-exigen-justicia-por-joselyn","status":"publish","type":"post","link":"https:\/\/zonaroja.com.mx\/?p=25679","title":{"rendered":"Colectivos feministas de la Mixteca exigen justicia por Joselyn"},"content":{"rendered":"\n<p>Yuridiana Sosa\/Zona Roja.<\/p>\n\n\n\n<p>Oaxaca de Ju\u00e1rez, Oax., 7 de abril de 2021.- Mujeres que integran los Colectivos Marea Verde e \u201cHijas de la Luna\u201d se manifestaron hoy frente a la Vicefiscal\u00eda Regional de la Mixteca, en Huajuapan de Le\u00f3n, y despu\u00e9s instalaron con un bloqueo para exigir justicia por la desaparici\u00f3n y feminicidio de Joselyn Vargas, y se dicte sentencia al detenido por el caso.<\/p>\n\n\n\n<p>Las integrantes del movimiento arribaron al exterior de las oficinas la ma\u00f1ana de este mi\u00e9rcoles, donde se program\u00f3 una audiencia para el detenido por el feminicidio de Joselyn Alejandra Vargas Ortiz.<\/p>\n\n\n\n<p>Con pancartas, lonas y consignas, las activistas exigen que se le dicte sentencia al detenido desde el mes de septiembre, ante el temor de que sea liberado.<\/p>\n\n\n\n<p>\u201cLa ausencia de justicia los hace c\u00f3mplices. No estamos todas nos falta Joselyn\u201d, \u201cExigimos que el responsable no salga libre\u201d, \u201cSin justicia no hay paz\u201d, \u201cAutoridades en sus manos est\u00e1 la seguridad de muchas mujeres\u201d, reclamaron las inconformes.<\/p>\n\n\n\n<p>Tras su pronunciamiento frente a las oficinas regionales de la Fiscal\u00eda, instalaron un bloqueo en el Libramiento Norte en la colonia Agua Dulce, en inmediaciones de la sede de justicia.<\/p>\n\n\n\n<p>En el lugar colocaron piedras y tambi\u00e9n retuvieron a un autom\u00f3vil del servicio de taxi, del sitio FNIC, para obstruir el paso, mientras que en otros taxis colocaron leyendas de justicia para Joselyn los medallones.<\/p>\n\n\n\n<p>EL CASO<\/p>\n\n\n\n<p>La joven de 24 a\u00f1os de edad, egresada de la licenciatura de Psicolog\u00eda, desapareci\u00f3 la noche del 28 de agosto de 2018, en colonia Tepeyac en Huajuapan de L\u00e9on.<\/p>\n\n\n\n<p>Luego de dos a\u00f1os de b\u00fasqueda, el pasado 11 de diciembre fue localizada sin vida. D\u00edas despu\u00e9s, el 14 de diciembre, sus padres, amigos y activistas le dieron el \u00faltimo adi\u00f3s a la joven.<\/p>\n\n\n\n<p>La Fiscal\u00eda de Oaxaca dio a conocer el 23 de septiembre sobre la captura del presunto responsable de su desaparici\u00f3n de Joselyn, identificado como V\u00edctor Daniel T. S., detenido en Pueblo y quien fue vinculado a proceso.<\/p>\n","protected":false},"excerpt":{"rendered":"<p>Yuridiana Sosa\/Zona Roja. Oaxaca de Ju\u00e1rez, Oax., 7 de abril de 2021.- Mujeres que integran&hellip;<\/p>\n","protected":false},"author":2,"featured_media":25680,"comment_status":"closed","ping_status":"open","sticky":false,"template":"","format":"standard","meta":{"_lmt_disableupdate":"","_lmt_disable":"","_jetpack_memberships_contains_paid_content":false,"footnotes":""},"categories":[109,47],"tags":[2056],"class_list":["post-25679","post","type-post","status-publish","format-standard","has-post-thumbnail","hentry","category-minuto-a-minuto","category-zona-gris","tag-joselyn-alejandra-vargas-ortiz"],"jetpack_featured_media_url":"https:\/\/zonaroja.com.mx\/wp-content\/uploads\/2021\/04\/Protesta-Jocelyn.jpg","jetpack_sharing_enabled":true,"_links":{"self":[{"href":"https:\/\/zonaroja.com.mx\/index.php?rest_route=\/wp\/v2\/posts\/25679","targetHints":{"allow":["GET"]}}],"collection":[{"href":"https:\/\/zonaroja.com.mx\/index.php?rest_route=\/wp\/v2\/posts"}],"about":[{"href":"https:\/\/zonaroja.com.mx\/index.php?rest_route=\/wp\/v2\/types\/post"}],"author":[{"embeddable":true,"href":"https:\/\/zonaroja.com.mx\/index.php?rest_route=\/wp\/v2\/users\/2"}],"replies":[{"embeddable":true,"href":"https:\/\/zonaroja.com.mx\/index.php?rest_route=%2Fwp%2Fv2%2Fcomments&post=25679"}],"version-history":[{"count":1,"href":"https:\/\/zonaroja.com.mx\/index.php?rest_route=\/wp\/v2\/posts\/25679\/revisions"}],"predecessor-version":[{"id":25681,"href":"https:\/\/zonaroja.com.mx\/index.php?rest_route=\/wp\/v2\/posts\/25679\/revisions\/25681"}],"wp:featuredmedia":[{"embeddable":true,"href":"https:\/\/zonaroja.com.mx\/index.php?rest_route=\/wp\/v2\/media\/25680"}],"wp:attachment":[{"href":"https:\/\/zonaroja.com.mx\/index.php?rest_route=%2Fwp%2Fv2%2Fmedia&parent=25679"}],"wp:term":[{"taxonomy":"category","embeddable":true,"href":"https:\/\/zonaroja.com.mx\/index.php?rest_route=%2Fwp%2Fv2%2Fcategories&post=25679"},{"taxonomy":"post_tag","embeddable":true,"href":"https:\/\/zonaroja.com.mx\/index.php?rest_route=%2Fwp%2Fv2%2Ftags&post=25679"}],"curies":[{"name":"wp","href":"https:\/\/api.w.org\/{rel}","templated":true}]}}