{"id":2568,"date":"2019-07-27T12:44:46","date_gmt":"2019-07-27T17:44:46","guid":{"rendered":"http:\/\/www.zonaroja.com.mx\/?p=2568"},"modified":"2019-07-27T12:44:48","modified_gmt":"2019-07-27T17:44:48","slug":"en-salina-cruz-lo-ejecutan-lo-encajuelan-e-intentan-calcinar","status":"publish","type":"post","link":"https:\/\/zonaroja.com.mx\/?p=2568","title":{"rendered":"En Salina Cruz, lo ejecutan, lo encajuelan e intentan calcinar"},"content":{"rendered":"\n<p>Redacci\u00f3n<\/p>\n\n\n\n<p>Oaxaca de Ju\u00e1rez, Oax., 27 de julio de\n2019.- Mientras el Presidente Andr\u00e9s Manuel L\u00f3pez Obrador pernoctaba en la\nregi\u00f3n del Istmo de Tehuantepec, Salina Cruz un individuo fue ejecutado a\nbalazos y encerrado en la cajuela de un taxi, al que prendieron fuego.<\/p>\n\n\n\n<p>Los hechos sucedieron en los primeros\nminutos de este s\u00e1bado en esa ciudad porte\u00f1a, en que fue localizada sin vida\nuna persona del sexo masculino en un taxi del sito \u201c15 de Septiembre\u201d, con\nn\u00famero econ\u00f3mico 413.<\/p>\n\n\n\n<p>La unidad de motor semicalcinada se\nhall\u00f3 cerca del motel \u201cSecrets\u201d de Salina Cruz y hasta el momento la\nVicefiscal\u00eda Regional del Istmo no tiene establecido el m\u00f3vil del crimen ni la\nidentidad de la v\u00edctima.<\/p>\n\n\n\n<p>Por otra parte, afuera de una tienda de\nconveniencia en la comunidad de Malpica, Putla Villa de Guerrero, fue hallado el\ncuerpo de un sujeto, asesinado por disparos de arma de fuego.<\/p>\n\n\n\n<p>Polic\u00edas municipales y estatales\narribaron al sitio la madrugada de este s\u00e1bado para acordonar el \u00e1rea en tanto\npersonal de la Vicefiscal\u00eda Regional de la Mixteca realiza las primeras\nindagatorias.<\/p>\n\n\n\n<p>De manera preliminar se inform\u00f3 que fue\nidentificado como D. S. H,m de 37 a\u00f1os de edad, originario de la comunidad de\nMalpica.<\/p>\n","protected":false},"excerpt":{"rendered":"<p>Redacci\u00f3n Oaxaca de Ju\u00e1rez, Oax., 27 de julio de 2019.- Mientras el Presidente Andr\u00e9s Manuel&hellip;<\/p>\n","protected":false},"author":2,"featured_media":2421,"comment_status":"closed","ping_status":"open","sticky":false,"template":"","format":"standard","meta":{"_lmt_disableupdate":"","_lmt_disable":"","_jetpack_memberships_contains_paid_content":false,"footnotes":""},"categories":[109,51],"tags":[412],"class_list":["post-2568","post","type-post","status-publish","format-standard","has-post-thumbnail","hentry","category-minuto-a-minuto","category-zona-roja","tag-un-asesinado-y-encajuelado-en-salina-cruz"],"jetpack_featured_media_url":"https:\/\/zonaroja.com.mx\/wp-content\/uploads\/2019\/07\/Inseguridad-Oaxaca-5.jpg","jetpack_sharing_enabled":true,"_links":{"self":[{"href":"https:\/\/zonaroja.com.mx\/index.php?rest_route=\/wp\/v2\/posts\/2568","targetHints":{"allow":["GET"]}}],"collection":[{"href":"https:\/\/zonaroja.com.mx\/index.php?rest_route=\/wp\/v2\/posts"}],"about":[{"href":"https:\/\/zonaroja.com.mx\/index.php?rest_route=\/wp\/v2\/types\/post"}],"author":[{"embeddable":true,"href":"https:\/\/zonaroja.com.mx\/index.php?rest_route=\/wp\/v2\/users\/2"}],"replies":[{"embeddable":true,"href":"https:\/\/zonaroja.com.mx\/index.php?rest_route=%2Fwp%2Fv2%2Fcomments&post=2568"}],"version-history":[{"count":1,"href":"https:\/\/zonaroja.com.mx\/index.php?rest_route=\/wp\/v2\/posts\/2568\/revisions"}],"predecessor-version":[{"id":2569,"href":"https:\/\/zonaroja.com.mx\/index.php?rest_route=\/wp\/v2\/posts\/2568\/revisions\/2569"}],"wp:featuredmedia":[{"embeddable":true,"href":"https:\/\/zonaroja.com.mx\/index.php?rest_route=\/wp\/v2\/media\/2421"}],"wp:attachment":[{"href":"https:\/\/zonaroja.com.mx\/index.php?rest_route=%2Fwp%2Fv2%2Fmedia&parent=2568"}],"wp:term":[{"taxonomy":"category","embeddable":true,"href":"https:\/\/zonaroja.com.mx\/index.php?rest_route=%2Fwp%2Fv2%2Fcategories&post=2568"},{"taxonomy":"post_tag","embeddable":true,"href":"https:\/\/zonaroja.com.mx\/index.php?rest_route=%2Fwp%2Fv2%2Ftags&post=2568"}],"curies":[{"name":"wp","href":"https:\/\/api.w.org\/{rel}","templated":true}]}}