{"id":25682,"date":"2021-04-07T22:15:32","date_gmt":"2021-04-08T03:15:32","guid":{"rendered":"http:\/\/www.zonaroja.com.mx\/?p=25682"},"modified":"2021-04-07T22:15:36","modified_gmt":"2021-04-08T03:15:36","slug":"sigue-al-alza-el-covid-en-oaxaca-hoy-ocho-decesos-y-97-contagiados","status":"publish","type":"post","link":"https:\/\/zonaroja.com.mx\/?p=25682","title":{"rendered":"Sigue al alza el Covid en Oaxaca; hoy ocho decesos y 97 contagiados"},"content":{"rendered":"\n<p>Redacci\u00f3n\/Zona Roja.<\/p>\n\n\n\n<p>Oaxaca de Ju\u00e1rez, Oax., 7 de abril de 2021.- Los Servicios de Salud de Oaxaca (SSO) informaron que al corte de este mi\u00e9rcoles 7 de abril se han registrado 97 casos nuevos de Covid-19, sumando 44 mil 160 acumulados en toda la entidad.<\/p>\n\n\n\n<p>Adem\u00e1s, se han notificado 70 mil 195 casos, de los cuales 21 mil 461 han sido negativos, cuatro mil 574 sospechosos, 40 mil 584 se han recuperado y lamentablemente se contabilizan ocho defunciones; sumando tres mil 269 decesos, hay 307 casos activos.<\/p>\n\n\n\n<p>La Jurisdicci\u00f3n Sanitaria n\u00famero uno Valles Centrales registra 30 mil 211 casos confirmados y mil 730 defunciones, Istmo tres mil 629 y 524 decesos, Tuxtepec dos mil 851 y 336 muertes, Costa dos mil 196 y 225 p\u00e9rdidas fatales, Mixteca tres mil 732 y 314 muertes, y la Sierra mil 541 y 140 defunciones.<\/p>\n\n\n\n<figure class=\"wp-block-embed-twitter wp-block-embed is-type-rich is-provider-twitter\"><div class=\"wp-block-embed__wrapper\">\n<div class=\"twitter-tweet\"><blockquote class=\"twitter-tweet\" data-lang=\"es\"><p lang=\"es\" dir=\"ltr\"><a href=\"https:\/\/twitter.com\/hashtag\/%C3%9AltimoMinuto?src=hash&amp;ref_src=twsrc%5Etfw\">#\u00daltimoMinuto<\/a><br>Con respecto a <a href=\"https:\/\/twitter.com\/hashtag\/Oaxaca?src=hash&amp;ref_src=twsrc%5Etfw\">#Oaxaca<\/a>, los Servicios de Salud informaron de ocho fallecimientos por Covid registrados este mi\u00e9rcoles, con lo que suman tres mil 269 decesos.<br>Adem\u00e1s, 97 casos positivos, para un total de 44 mil 160 casos confirmados.<a href=\"https:\/\/twitter.com\/hashtag\/Qu%C3%A9dateEnCasa?src=hash&amp;ref_src=twsrc%5Etfw\">#Qu\u00e9dateEnCasa<\/a> <a href=\"https:\/\/t.co\/pO3VvijZTb\">pic.twitter.com\/pO3VvijZTb<\/a><\/p>&mdash; Zona Roja Oaxaca (@Zona_Roja_Oax) <a href=\"https:\/\/twitter.com\/Zona_Roja_Oax\/status\/1379968722442592258?ref_src=twsrc%5Etfw\">8 de abril de 2021<\/a><\/blockquote><\/div>\n<\/div><\/figure>\n\n\n\n<p>Los 97 casos nuevos se ubican en 41 municipios, siendo los que mayor n\u00famero de casos que presentan: Oaxaca de Ju\u00e1rez con 33, Juchit\u00e1n de Zaragoza y Santa Mar\u00eda Huatulco cinco cada uno, Santa Cruz Xoxocotl\u00e1n cuatro, Putla Villa de Guerrero y San Pedro Mixtepec tres cada uno, el resto dos y un caso.<\/p>\n\n\n\n<p>La ocupaci\u00f3n hospitalaria global es del 24.2% con 145 camas ocupadas; se encuentran disponibles 453 de un total de 598, hay cuatro hospitales al 100 % de ocupaci\u00f3n y 14 nuevos hospitalizados.<\/p>\n","protected":false},"excerpt":{"rendered":"<p>Redacci\u00f3n\/Zona Roja. Oaxaca de Ju\u00e1rez, Oax., 7 de abril de 2021.- Los Servicios de Salud&hellip;<\/p>\n","protected":false},"author":2,"featured_media":25683,"comment_status":"closed","ping_status":"open","sticky":false,"template":"","format":"standard","meta":{"_lmt_disableupdate":"","_lmt_disable":"","_jetpack_memberships_contains_paid_content":false,"footnotes":""},"categories":[109,47],"tags":[1512],"class_list":["post-25682","post","type-post","status-publish","format-standard","has-post-thumbnail","hentry","category-minuto-a-minuto","category-zona-gris","tag-coronavirus-oaxaca"],"jetpack_featured_media_url":"https:\/\/zonaroja.com.mx\/wp-content\/uploads\/2021\/04\/SSO-3-1.jpeg","jetpack_sharing_enabled":true,"_links":{"self":[{"href":"https:\/\/zonaroja.com.mx\/index.php?rest_route=\/wp\/v2\/posts\/25682","targetHints":{"allow":["GET"]}}],"collection":[{"href":"https:\/\/zonaroja.com.mx\/index.php?rest_route=\/wp\/v2\/posts"}],"about":[{"href":"https:\/\/zonaroja.com.mx\/index.php?rest_route=\/wp\/v2\/types\/post"}],"author":[{"embeddable":true,"href":"https:\/\/zonaroja.com.mx\/index.php?rest_route=\/wp\/v2\/users\/2"}],"replies":[{"embeddable":true,"href":"https:\/\/zonaroja.com.mx\/index.php?rest_route=%2Fwp%2Fv2%2Fcomments&post=25682"}],"version-history":[{"count":1,"href":"https:\/\/zonaroja.com.mx\/index.php?rest_route=\/wp\/v2\/posts\/25682\/revisions"}],"predecessor-version":[{"id":25684,"href":"https:\/\/zonaroja.com.mx\/index.php?rest_route=\/wp\/v2\/posts\/25682\/revisions\/25684"}],"wp:featuredmedia":[{"embeddable":true,"href":"https:\/\/zonaroja.com.mx\/index.php?rest_route=\/wp\/v2\/media\/25683"}],"wp:attachment":[{"href":"https:\/\/zonaroja.com.mx\/index.php?rest_route=%2Fwp%2Fv2%2Fmedia&parent=25682"}],"wp:term":[{"taxonomy":"category","embeddable":true,"href":"https:\/\/zonaroja.com.mx\/index.php?rest_route=%2Fwp%2Fv2%2Fcategories&post=25682"},{"taxonomy":"post_tag","embeddable":true,"href":"https:\/\/zonaroja.com.mx\/index.php?rest_route=%2Fwp%2Fv2%2Ftags&post=25682"}],"curies":[{"name":"wp","href":"https:\/\/api.w.org\/{rel}","templated":true}]}}