{"id":25685,"date":"2021-04-07T22:17:43","date_gmt":"2021-04-08T03:17:43","guid":{"rendered":"http:\/\/www.zonaroja.com.mx\/?p=25685"},"modified":"2021-04-07T22:17:46","modified_gmt":"2021-04-08T03:17:46","slug":"segego-rebasado-otra-vez-por-protestas-hoy-dos-oaxaca","status":"publish","type":"post","link":"https:\/\/zonaroja.com.mx\/?p=25685","title":{"rendered":"Segego, rebasado otra vez por protestas: hoy dos Oaxaca"},"content":{"rendered":"\n<p>Yuridiana Sosa<\/p>\n\n\n\n<p>Oaxaca de Ju\u00e1rez, Oax., 7 de abril de 2021.- En Oaxaca no acaban las manifestaciones para exigir al gobierno de Oaxaca atenci\u00f3n a las necesidades de la poblaci\u00f3n, derivado del desinter\u00e9s de la Secretar\u00eda General de Gobierno.<\/p>\n\n\n\n<p>Este mi\u00e9rcoles fueron por temas sociales-econ\u00f3micos y electorales, los que movilizaron a decenas de personas desde las regiones del Istmo y la Sierra Norte a la regi\u00f3n de Valles Centrales, para alzar la voz ante lo que consideran omisiones o abusos de la autoridad estatal.<\/p>\n\n\n\n<p>Mujeres comerciantes del mercado p\u00fablico \u201c5 de Septiembre\u201d de Juchit\u00e1n de Zaragoza y v\u00edctimas del incendio del inmueble el 16 de marzo, arribaron al z\u00f3calo de la capital, frente al Palacio de Gobierno, para demandar ayuda del gobernador Alejandro Murat, de qui\u00e9n no han visto su apoyo ante la desgracia.<\/p>\n\n\n\n<p>Las afectadas con el siniestro, el cual afect\u00f3 decenas de locales, demandaron al mandatario ayuda para que puedan reiniciar con sus actividades comerciales, pues el fuego consumi\u00f3 su patrimonio, mercanc\u00eda y con el tiempo sus ingresos, por lo que ahora no cuentan con recursos para retomar sus negocios.<\/p>\n\n\n\n<p>Sin embargo, aunque la demanda es aut\u00e9ntica, se dio a conocer que las comerciantes arribaron con apoyo del presidente municipal Emilio Montero, quien adem\u00e1s busca la reelecci\u00f3n por la v\u00eda independiente.<\/p>\n\n\n\n<p>PROBLEMA ELECTORAL<\/p>\n\n\n\n<p>Por su parte, habitantes de Santiago Atitl\u00e1n arribaron al Congreso del Estado, en San Raymundo Jalpan, en rechazo a una presunta imposici\u00f3n de un concejo municipal por parte de la Secretar\u00eda General de Gobierno, a pesar que se hab\u00eda aprobado una nueva jornada electoral.<\/p>\n\n\n\n<p>Los inconformes del municipio de la Sierra Norte, arribaron a los Valles Centrales por en\u00e9sima ocasi\u00f3n luego que no se ha respetado la sentencia del Tribunal Electoral del Estado de Oaxaca (TEEO) para la reposici\u00f3n de la elecci\u00f3n.<\/p>\n\n\n\n<p>Apenas el pasado 26 de marzo los habitantes de Atitl\u00e1n lograron una nueva elecci\u00f3n de autoridades municipales tras una jornada de protesta que incluy\u00f3 una marcha y diversos bloqueos en la capital del estado.<\/p>\n","protected":false},"excerpt":{"rendered":"<p>Yuridiana Sosa Oaxaca de Ju\u00e1rez, Oax., 7 de abril de 2021.- En Oaxaca no acaban&hellip;<\/p>\n","protected":false},"author":2,"featured_media":25686,"comment_status":"closed","ping_status":"open","sticky":false,"template":"","format":"standard","meta":{"_lmt_disableupdate":"","_lmt_disable":"","_jetpack_memberships_contains_paid_content":false,"footnotes":""},"categories":[109,47],"tags":[2233],"class_list":["post-25685","post","type-post","status-publish","format-standard","has-post-thumbnail","hentry","category-minuto-a-minuto","category-zona-gris","tag-santiago-atitlan"],"jetpack_featured_media_url":"https:\/\/zonaroja.com.mx\/wp-content\/uploads\/2021\/04\/Protesta-Atitlan-Congreso.jpg","jetpack_sharing_enabled":true,"_links":{"self":[{"href":"https:\/\/zonaroja.com.mx\/index.php?rest_route=\/wp\/v2\/posts\/25685","targetHints":{"allow":["GET"]}}],"collection":[{"href":"https:\/\/zonaroja.com.mx\/index.php?rest_route=\/wp\/v2\/posts"}],"about":[{"href":"https:\/\/zonaroja.com.mx\/index.php?rest_route=\/wp\/v2\/types\/post"}],"author":[{"embeddable":true,"href":"https:\/\/zonaroja.com.mx\/index.php?rest_route=\/wp\/v2\/users\/2"}],"replies":[{"embeddable":true,"href":"https:\/\/zonaroja.com.mx\/index.php?rest_route=%2Fwp%2Fv2%2Fcomments&post=25685"}],"version-history":[{"count":1,"href":"https:\/\/zonaroja.com.mx\/index.php?rest_route=\/wp\/v2\/posts\/25685\/revisions"}],"predecessor-version":[{"id":25687,"href":"https:\/\/zonaroja.com.mx\/index.php?rest_route=\/wp\/v2\/posts\/25685\/revisions\/25687"}],"wp:featuredmedia":[{"embeddable":true,"href":"https:\/\/zonaroja.com.mx\/index.php?rest_route=\/wp\/v2\/media\/25686"}],"wp:attachment":[{"href":"https:\/\/zonaroja.com.mx\/index.php?rest_route=%2Fwp%2Fv2%2Fmedia&parent=25685"}],"wp:term":[{"taxonomy":"category","embeddable":true,"href":"https:\/\/zonaroja.com.mx\/index.php?rest_route=%2Fwp%2Fv2%2Fcategories&post=25685"},{"taxonomy":"post_tag","embeddable":true,"href":"https:\/\/zonaroja.com.mx\/index.php?rest_route=%2Fwp%2Fv2%2Ftags&post=25685"}],"curies":[{"name":"wp","href":"https:\/\/api.w.org\/{rel}","templated":true}]}}