{"id":25692,"date":"2021-04-08T07:42:06","date_gmt":"2021-04-08T12:42:06","guid":{"rendered":"http:\/\/www.zonaroja.com.mx\/?p=25692"},"modified":"2021-04-08T07:42:12","modified_gmt":"2021-04-08T12:42:12","slug":"sin-justicia-a-dos-anos-de-agresiones-sexuales-denuncian-agentes-de-la-aei","status":"publish","type":"post","link":"https:\/\/zonaroja.com.mx\/?p=25692","title":{"rendered":"Sin justicia, a dos a\u00f1os de agresiones sexuales, denuncian agentes de la AEI"},"content":{"rendered":"\n<p>Evlin Arag\u00f3n\/Zona Roja.<\/p>\n\n\n\n<p>Oaxaca de Ju\u00e1rez, Oax., 8 de abril de 2021.- \u201cFuera comandantes acosadores, violadores y hostigadores sexuales\u201d, con esta consigna, Alfonsina Mart\u00ednez y Lucero Ayerim Contreras recordaron que hace dos a\u00f1os fueron v\u00edctimas de violencia sexual por parte Te\u00f3filo Ruiz Carmona, director del grupo de Fuerza Especial de Reacci\u00f3n Inmediata (FERI), perteneciente a la Fiscal\u00eda General del Estado de Oaxaca.&nbsp;<\/p>\n\n\n\n<p>Aunque existen denuncias penales de por medio, y procedimientos ante la Defensor\u00eda de los Derechos Humanos del Pueblo de Oaxaca (DDHPO), la justicia sigue ausente y la impunidad act\u00faa en perjuicio de ambas mujeres que han hecho p\u00fablicos sus casos.<\/p>\n\n\n\n<p>\u201cA dos a\u00f1os que denunciamos donde fuimos #v\u00edctimas de agresi\u00f3n sexual, por la misma persona, quien era nuestro Jefe Inmediato el Cmdte. Te\u00f3filo Ruiz Carmona del grupo (FERI) de la Fiscal\u00eda de Oaxaca, exigimos Justicia\u201d, refiere Alfonsina Mart\u00ednez en sus redes sociales.&nbsp;<\/p>\n\n\n\n<p>La falta de justicia las mantiene unidas e incluso aseguran que no se rendir\u00e1n hasta que sean escuchadas por el actual fiscal Arturo Peimbert Calvo, a quien piden que retome el caso con la finalidad sancionar conforme a la ley, a quien se\u00f1alan como su principal agresor.<\/p>\n\n\n\n<p>\u201cSomos #MujeresSororas #Resilientes #Guerreras, admiro tu valent\u00eda Lucero, juntas lograremos, nunca m\u00e1s tendr\u00e1n la comodidad de nuestro silencio, nunca m\u00e1s nos volver\u00e1n a violentarnos. Sin piedad contra nuestro agresor. Tocaremos puertas, romperlos si es posible, hasta que se nos haga justicia, nos escuchen\u201d, expusieron.&nbsp;<\/p>\n\n\n\n<p>Ambas mujeres refieren a trav\u00e9s de sus redes sociales que hacer justicia en su caso evitar\u00e1 que m\u00e1s mujeres al interior de las fuerzas de seguridad del Estado sean violentadas, hostigadas, abusadas, violadas y discriminadas, como les sucedi\u00f3 en su momento a ellas.&nbsp;<\/p>\n\n\n\n<p>\u201cBasta de violencia de g\u00e9nero en las corporaciones policiales e institucionales de Gobierno. Justicia para Lucero. Justicia para Alfonsa\u201d, a\u00f1aden.<\/p>\n\n\n\n<p>Fue en julio del 2019 que Lucero Ayerim Contera Alceda, ex agente de la FERI denunci\u00f3 que sufri\u00f3 abuso sexual por parte del director del grupo Te\u00f3filo Ruiz Carmona y del comandante Claudio V\u00e1squez Ju\u00e1rez, quienes adem\u00e1s la amenazaron v\u00eda telef\u00f3nica, desde el 19 de mayo.&nbsp;<\/p>\n\n\n\n<p>Por lo anterior interpuso una demanda penal ante la Fiscal\u00eda Especializada para la Atenci\u00f3n a Delitos contra la Mujer en Raz\u00f3n de G\u00e9nero y una queja ante la Defensor\u00eda de Derechos Humanos del Pueblo de Oaxaca.&nbsp;<\/p>\n\n\n\n<p>Pese a lo anterior el ex fiscal Rub\u00e9n Vasconcelos M\u00e9ndez, mantuvo en el cargo al presunto agresor, por lo que esperan que, con el cambio en la titularidad de la Fiscal\u00eda, tengan acceso a la justicia que anhelan desde hace dos a\u00f1os.&nbsp;<\/p>\n\n\n\n<p>\u201cJam\u00e1s callaremos de nuevo ante tantas injusticias, t\u00fa me apoyaste y as\u00ed apoyaremos a las que lo necesitan\u201d refiere Lucero Ayerim Contreras.&nbsp;<\/p>\n","protected":false},"excerpt":{"rendered":"<p>Evlin Arag\u00f3n\/Zona Roja. Oaxaca de Ju\u00e1rez, Oax., 8 de abril de 2021.- \u201cFuera comandantes acosadores,&hellip;<\/p>\n","protected":false},"author":2,"featured_media":25693,"comment_status":"closed","ping_status":"open","sticky":false,"template":"","format":"standard","meta":{"_lmt_disableupdate":"","_lmt_disable":"","_jetpack_memberships_contains_paid_content":false,"footnotes":""},"categories":[109,47],"tags":[494,1285],"class_list":["post-25692","post","type-post","status-publish","format-standard","has-post-thumbnail","hentry","category-minuto-a-minuto","category-zona-gris","tag-fiscalia-general-del-estado-de-oaxaca","tag-fuerza-especial-de-reaccion-inmediata-feri"],"jetpack_featured_media_url":"https:\/\/zonaroja.com.mx\/wp-content\/uploads\/2021\/04\/Lucero-Ayerim-Contreras.jpg","jetpack_sharing_enabled":true,"_links":{"self":[{"href":"https:\/\/zonaroja.com.mx\/index.php?rest_route=\/wp\/v2\/posts\/25692","targetHints":{"allow":["GET"]}}],"collection":[{"href":"https:\/\/zonaroja.com.mx\/index.php?rest_route=\/wp\/v2\/posts"}],"about":[{"href":"https:\/\/zonaroja.com.mx\/index.php?rest_route=\/wp\/v2\/types\/post"}],"author":[{"embeddable":true,"href":"https:\/\/zonaroja.com.mx\/index.php?rest_route=\/wp\/v2\/users\/2"}],"replies":[{"embeddable":true,"href":"https:\/\/zonaroja.com.mx\/index.php?rest_route=%2Fwp%2Fv2%2Fcomments&post=25692"}],"version-history":[{"count":1,"href":"https:\/\/zonaroja.com.mx\/index.php?rest_route=\/wp\/v2\/posts\/25692\/revisions"}],"predecessor-version":[{"id":25694,"href":"https:\/\/zonaroja.com.mx\/index.php?rest_route=\/wp\/v2\/posts\/25692\/revisions\/25694"}],"wp:featuredmedia":[{"embeddable":true,"href":"https:\/\/zonaroja.com.mx\/index.php?rest_route=\/wp\/v2\/media\/25693"}],"wp:attachment":[{"href":"https:\/\/zonaroja.com.mx\/index.php?rest_route=%2Fwp%2Fv2%2Fmedia&parent=25692"}],"wp:term":[{"taxonomy":"category","embeddable":true,"href":"https:\/\/zonaroja.com.mx\/index.php?rest_route=%2Fwp%2Fv2%2Fcategories&post=25692"},{"taxonomy":"post_tag","embeddable":true,"href":"https:\/\/zonaroja.com.mx\/index.php?rest_route=%2Fwp%2Fv2%2Ftags&post=25692"}],"curies":[{"name":"wp","href":"https:\/\/api.w.org\/{rel}","templated":true}]}}