{"id":25697,"date":"2021-04-08T08:08:52","date_gmt":"2021-04-08T13:08:52","guid":{"rendered":"http:\/\/www.zonaroja.com.mx\/?p=25697"},"modified":"2021-04-08T08:08:55","modified_gmt":"2021-04-08T13:08:55","slug":"asegura-nuevo-presidente-de-la-jucopo-que-abatira-rezago-legislativo","status":"publish","type":"post","link":"https:\/\/zonaroja.com.mx\/?p=25697","title":{"rendered":"Asegura nuevo presidente de la Jucopo que abatir\u00e1 rezago legislativo"},"content":{"rendered":"\n<p>Redacci\u00f3n\/Yuridiana Sosa\/Zona Roja.<\/p>\n\n\n\n<p>Oaxaca de Ju\u00e1rez, Oax., a 8 de abril de 2021.- Tras rendir protesta como nuevo presidente de la Junta de Coordinaci\u00f3n Pol\u00edtica (Jucopo) de la 64 Legislatura de Oaxaca, el diputado Fredie Delf\u00edn Avenda\u00f1o asegur\u00f3 que una de sus prioridades es abatir el rezago legislativo.<\/p>\n\n\n\n<p>Previo a la sesi\u00f3n ordinaria, el actual coordinador de la fracci\u00f3n parlamentaria del Partido Morena en el Congreso del Estado reconoci\u00f3 el trabajo de su antecesora, la diputada Delfina Guzm\u00e1n D\u00edaz.<\/p>\n\n\n\n<p>Dijo que en virtud de que la legisladora decidi\u00f3 contender en reelecci\u00f3n al cargo de parlamentaria en el actual proceso electoral, por disposici\u00f3n estatutaria y por asumir facultades ejecutivas, tiene la obligaci\u00f3n de separarse del \u00f3rgano colegiado.<\/p>\n\n\n\n<p>A\u00f1adi\u00f3 que el grupo parlamentario ha sido respetuoso de los derechos de todas y todos sus integrantes por lo que la decisi\u00f3n mayoritaria, se efectu\u00f3 en apego a los principios estatutarios de Morena sin lesionar los derechos de ning\u00fan integrante.<\/p>\n\n\n\n<p>A\u00f1adi\u00f3 que al frente de la Jucopo tendr\u00e1 la alta responsabilidad de construir, en coordinaci\u00f3n con los diversos grupos parlamentarios, para avanzar con el trabajo legislativo.<\/p>\n\n\n\n<figure class=\"wp-block-embed-twitter wp-block-embed is-type-rich is-provider-twitter\"><div class=\"wp-block-embed__wrapper\">\n<div class=\"twitter-tweet\"><blockquote class=\"twitter-tweet\" data-lang=\"es\"><p lang=\"es\" dir=\"ltr\"><a href=\"https:\/\/twitter.com\/hashtag\/ENVIVO?src=hash&amp;ref_src=twsrc%5Etfw\">#ENVIVO<\/a> <br>Oaxaca de Ju\u00e1rez, Oax., 7 de abril de 2021.- Conferencia de prensa de la fracci\u00f3n parlamentaria del Partido Morena en la 64 Legislatura del Congreso del Estado de Oaxaca respecto de la sustituci\u00f3n en la bancada.<br><br>Siga la transmisi\u00f3n:<br>\ud83d\udc47<a href=\"https:\/\/t.co\/2MbfnH3AKS\">https:\/\/t.co\/2MbfnH3AKS<\/a> <a href=\"https:\/\/t.co\/N8CpH9cDqA\">pic.twitter.com\/N8CpH9cDqA<\/a><\/p>&mdash; Zona Roja Oaxaca (@Zona_Roja_Oax) <a href=\"https:\/\/twitter.com\/Zona_Roja_Oax\/status\/1379914795722403842?ref_src=twsrc%5Etfw\">7 de abril de 2021<\/a><\/blockquote><\/div>\n<\/div><\/figure>\n\n\n\n<p>Entre estos compromisos, destaca abatir el rezago legislativo para que ninguna iniciativa o acuerdo parlamentario quede en la congeladora. Todo ser\u00e1 dictaminado en atenci\u00f3n a los principios de certeza, objetividad y legalidad, expuso.<\/p>\n\n\n\n<p>NO HAY VIOLENCIA<\/p>\n\n\n\n<p>Previo a la sesi\u00f3n de ayer, en conferencia de prensa, Fredie Delf\u00edn precis\u00f3 que el relevo de la coordinadora del grupo Parlamentario de Morena en la 64 Legislatura de Oaxaca se realiz\u00f3 en apego a los estatutos legales del partido y sin violentar los derechos pol\u00edticos.<\/p>\n\n\n\n<p>El cambio se efectu\u00f3 en medio de un pol\u00e9mico proceso en el que la anterior coordinadora, Delfina Guzm\u00e1n D\u00edaz, se\u00f1al\u00f3 como un acto arbitrario que violenta sus derechos pol\u00edticos por raz\u00f3n de g\u00e9nero y que ni siquiera fue convocada a la reuni\u00f3n donde se tom\u00f3 el acuerdo.<\/p>\n\n\n\n<p>Dijo que obtuvo 20 votos de 26 diputados que conforman la fracci\u00f3n, por lo que su designaci\u00f3n es completamente apegada a derecho.<\/p>\n\n\n\n<p>El coordinador de Morena indic\u00f3 que el cambio no est\u00e1 relacionado a las diferencias pol\u00edticas del partido Morena, y de las que presuntamente se ha responsabilizado a Guzm\u00e1n D\u00edaz, pues dijo, el trabajo legislativo se desarrolla en otro \u00e1mbito.<\/p>\n\n\n\n<p>Y aunque minutos antes reconoci\u00f3 sobre las diferencias pol\u00edticas del partido, apunt\u00f3 que rumbo al proceso electoral de este a\u00f1o Morena no est\u00e1 facturado y han priorizado el proyecto de la Cuarta Transformaci\u00f3n.<\/p>\n","protected":false},"excerpt":{"rendered":"<p>Redacci\u00f3n\/Yuridiana Sosa\/Zona Roja. Oaxaca de Ju\u00e1rez, Oax., a 8 de abril de 2021.- Tras rendir&hellip;<\/p>\n","protected":false},"author":2,"featured_media":25698,"comment_status":"closed","ping_status":"open","sticky":false,"template":"","format":"standard","meta":{"_lmt_disableupdate":"","_lmt_disable":"","_jetpack_memberships_contains_paid_content":false,"footnotes":""},"categories":[109,46],"tags":[213,2587],"class_list":["post-25697","post","type-post","status-publish","format-standard","has-post-thumbnail","hentry","category-minuto-a-minuto","category-zona-blanca","tag-64-legislatura-de-oaxaca","tag-fredie-delfin-avendano"],"jetpack_featured_media_url":"https:\/\/zonaroja.com.mx\/wp-content\/uploads\/2021\/04\/Fredie-Delfin-Avendano-1.jpg","jetpack_sharing_enabled":true,"_links":{"self":[{"href":"https:\/\/zonaroja.com.mx\/index.php?rest_route=\/wp\/v2\/posts\/25697","targetHints":{"allow":["GET"]}}],"collection":[{"href":"https:\/\/zonaroja.com.mx\/index.php?rest_route=\/wp\/v2\/posts"}],"about":[{"href":"https:\/\/zonaroja.com.mx\/index.php?rest_route=\/wp\/v2\/types\/post"}],"author":[{"embeddable":true,"href":"https:\/\/zonaroja.com.mx\/index.php?rest_route=\/wp\/v2\/users\/2"}],"replies":[{"embeddable":true,"href":"https:\/\/zonaroja.com.mx\/index.php?rest_route=%2Fwp%2Fv2%2Fcomments&post=25697"}],"version-history":[{"count":1,"href":"https:\/\/zonaroja.com.mx\/index.php?rest_route=\/wp\/v2\/posts\/25697\/revisions"}],"predecessor-version":[{"id":25699,"href":"https:\/\/zonaroja.com.mx\/index.php?rest_route=\/wp\/v2\/posts\/25697\/revisions\/25699"}],"wp:featuredmedia":[{"embeddable":true,"href":"https:\/\/zonaroja.com.mx\/index.php?rest_route=\/wp\/v2\/media\/25698"}],"wp:attachment":[{"href":"https:\/\/zonaroja.com.mx\/index.php?rest_route=%2Fwp%2Fv2%2Fmedia&parent=25697"}],"wp:term":[{"taxonomy":"category","embeddable":true,"href":"https:\/\/zonaroja.com.mx\/index.php?rest_route=%2Fwp%2Fv2%2Fcategories&post=25697"},{"taxonomy":"post_tag","embeddable":true,"href":"https:\/\/zonaroja.com.mx\/index.php?rest_route=%2Fwp%2Fv2%2Ftags&post=25697"}],"curies":[{"name":"wp","href":"https:\/\/api.w.org\/{rel}","templated":true}]}}