{"id":2570,"date":"2019-07-27T17:31:52","date_gmt":"2019-07-27T22:31:52","guid":{"rendered":"http:\/\/www.zonaroja.com.mx\/?p=2570"},"modified":"2019-07-27T17:31:55","modified_gmt":"2019-07-27T22:31:55","slug":"registra-oaxaca-este-sabado-tercer-homicidio-perpetrado-a-balazos","status":"publish","type":"post","link":"https:\/\/zonaroja.com.mx\/?p=2570","title":{"rendered":"Registra Oaxaca este s\u00e1bado tercer homicidio perpetrado a balazos"},"content":{"rendered":"\n<p>Redacci\u00f3n<\/p>\n\n\n\n<p>Oaxaca de Ju\u00e1rez, Oax., 27 de julio de\n2019.- Una tercera persona fue asesinada a balazos este s\u00e1bado, fecha en que el\nPresidente de M\u00e9xico, Andr\u00e9s Manuel L\u00f3pez Obrador, estuvo de visita en Oaxaca.<\/p>\n\n\n\n<p>Adem\u00e1s de los individuos ultimados a\nbalazos en Salina Cruz y en Putla Villa de Guerrero, la ma\u00f1ana de hoy se registr\u00f3\notro crimen en la regi\u00f3n Ca\u00f1ada del estado.<\/p>\n\n\n\n<p>Fue en el municipio de Santa Mar\u00eda\nChilchotla en que fue descubierto el cad\u00e1ver de un individuo, con disparos de\narma de fuego en el cuerpo. Hasta la tarde de hoy no hab\u00eda sido identificado\nlegalmente.<\/p>\n\n\n\n<p>Corporaciones policiacas y personal de\nla Agencia Estatal de Investigaciones con sede en Huautla de Jim\u00e9nez acudi\u00f3\npara realizar las primeras diligencias.<\/p>\n","protected":false},"excerpt":{"rendered":"<p>Redacci\u00f3n Oaxaca de Ju\u00e1rez, Oax., 27 de julio de 2019.- Una tercera persona fue asesinada&hellip;<\/p>\n","protected":false},"author":2,"featured_media":1787,"comment_status":"closed","ping_status":"open","sticky":false,"template":"","format":"standard","meta":{"_lmt_disableupdate":"","_lmt_disable":"","_jetpack_memberships_contains_paid_content":false,"footnotes":""},"categories":[109,51],"tags":[413],"class_list":["post-2570","post","type-post","status-publish","format-standard","has-post-thumbnail","hentry","category-minuto-a-minuto","category-zona-roja","tag-asesinado-en-santa-maria-chilchotla-oaxaca"],"jetpack_featured_media_url":"https:\/\/zonaroja.com.mx\/wp-content\/uploads\/2019\/06\/IMG_2483.jpg","jetpack_sharing_enabled":true,"_links":{"self":[{"href":"https:\/\/zonaroja.com.mx\/index.php?rest_route=\/wp\/v2\/posts\/2570","targetHints":{"allow":["GET"]}}],"collection":[{"href":"https:\/\/zonaroja.com.mx\/index.php?rest_route=\/wp\/v2\/posts"}],"about":[{"href":"https:\/\/zonaroja.com.mx\/index.php?rest_route=\/wp\/v2\/types\/post"}],"author":[{"embeddable":true,"href":"https:\/\/zonaroja.com.mx\/index.php?rest_route=\/wp\/v2\/users\/2"}],"replies":[{"embeddable":true,"href":"https:\/\/zonaroja.com.mx\/index.php?rest_route=%2Fwp%2Fv2%2Fcomments&post=2570"}],"version-history":[{"count":1,"href":"https:\/\/zonaroja.com.mx\/index.php?rest_route=\/wp\/v2\/posts\/2570\/revisions"}],"predecessor-version":[{"id":2571,"href":"https:\/\/zonaroja.com.mx\/index.php?rest_route=\/wp\/v2\/posts\/2570\/revisions\/2571"}],"wp:featuredmedia":[{"embeddable":true,"href":"https:\/\/zonaroja.com.mx\/index.php?rest_route=\/wp\/v2\/media\/1787"}],"wp:attachment":[{"href":"https:\/\/zonaroja.com.mx\/index.php?rest_route=%2Fwp%2Fv2%2Fmedia&parent=2570"}],"wp:term":[{"taxonomy":"category","embeddable":true,"href":"https:\/\/zonaroja.com.mx\/index.php?rest_route=%2Fwp%2Fv2%2Fcategories&post=2570"},{"taxonomy":"post_tag","embeddable":true,"href":"https:\/\/zonaroja.com.mx\/index.php?rest_route=%2Fwp%2Fv2%2Ftags&post=2570"}],"curies":[{"name":"wp","href":"https:\/\/api.w.org\/{rel}","templated":true}]}}