{"id":25701,"date":"2021-04-08T11:39:15","date_gmt":"2021-04-08T16:39:15","guid":{"rendered":"https:\/\/www.zonaroja.com.mx\/?p=25701"},"modified":"2021-04-08T11:39:22","modified_gmt":"2021-04-08T16:39:22","slug":"perros-atacan-a-venado-en-zona-turistica-de-huatulco-piden-plan-de-manejo-de-fauna-feral","status":"publish","type":"post","link":"https:\/\/zonaroja.com.mx\/?p=25701","title":{"rendered":"Perros atacan a venado en zona tur\u00edstica de Huatulco, piden plan de manejo de fauna feral"},"content":{"rendered":"\n<p class=\"MsoNormal\">Evlin Arag\u00f3n\/Zona Roja. <\/p>\n\n\n\n<p class=\"MsoNormal\">Oaxaca de Ju\u00e1rez, Oax.. 8 de abril de 2021\/- El reciente ataque mortal de un venado, por parte de perros, en plena zona urbana de Santa Cruz Huatulco, ha prendido las alertas en torno a la problem\u00e1tica que representa la fauna canina feral en la zona.  <\/p>\n\n\n\n<p class=\"MsoNormal\">De ah\u00ed que representantes del sector hotelero han alertado a las autoridades municipales para atender la situaci\u00f3n, ya que actualmente tres manadas de perros ferales deambulan en la zona de Cacaluta, Huatulco, representando un riesgo para la poblaci\u00f3n.  <\/p>\n\n\n\n<p class=\"MsoNormal\">Por ello exigieron la implementaci\u00f3n de un Plan de Manejo para la Fauna Feral en el municipio, que adem\u00e1s se distingue por su vocaci\u00f3n tur\u00edstica, misma que podr\u00eda ser afectada ante los constantes ataques de perros salvajes, que se dejan ver en manada.&nbsp;<\/p>\n\n\n\n<p class=\"MsoNormal\">De acuerdo con el periodista Omar Gasga, fue <a href=\"\/\/0\">este mi\u00e9rcoles por la ma\u00f1ana<\/a> que perros ferales atacaron a un venado localizado junto al hotel Marina Resort, en inmediaciones de la d\u00e1rsena de Santa Cruz, en plena zona urbana. <\/p>\n\n\n\n<p class=\"MsoNormal\">Debido a las severas lesiones en el cuello, el venado muri\u00f3 m\u00e1s tarde cuando era atendido por el m\u00e9dico veterinario Salvador Neri Antonio, subdirector del Conanp-Parque Nacional Huatulco. <\/p>\n\n\n\n<p class=\"MsoNormal\">Previamente, elementos del Cuerpo de Bomberos de Oaxaca adscritos en Santa Cruz Huatulco acudieron al llamado para rescatar al ejemplar que hab\u00eda sido visto en la zona, desde horas antes.&nbsp;&nbsp;<\/p>\n\n\n\n<p class=\"MsoNormal\">Al llamado que hicieron los prestadores de servicios tur\u00edsticos, se uni\u00f3 la ciudadan\u00eda en general que, a trav\u00e9s de las redes sociales, advirti\u00f3 que se trata de un problema que lleva a\u00f1os y no ha sido atendido por las autoridades.&nbsp;&nbsp;<\/p>\n\n\n\n<p class=\"MsoNormal\">Los perros ferales son el resultado del abandono de mascotas, o bien, por el nacimiento de camadas en sitios apartados; con el tiempo estos animales se vuelven callejeros o se quedan en terrenos poco habitados, teniendo cr\u00edas que no se relacionan con humanos, perdiendo el v\u00ednculo con la gente.&nbsp;<\/p>\n\n\n\n<p class=\"MsoNormal\">Se agrupa y retoman la conducta de los lobos, organiz\u00e1ndose en jaur\u00edas para facilitar la cacer\u00eda y reproducci\u00f3n. De acuerdo con especialista se trata de una especie de domesticaci\u00f3n en reversa y que se va desarrollando en diferentes etapas de la vida del animal.&nbsp;&nbsp;<\/p>\n\n\n\n<p class=\"MsoNormal\">En diferentes partes del pa\u00eds se tienen reportes de ataques al ganado en zonas rurales y de personas o animales de compa\u00f1\u00eda en zonas urbanas, por parte de manadas de perros ferales.  <\/p>\n","protected":false},"excerpt":{"rendered":"<p>Evlin Arag\u00f3n\/Zona Roja. Oaxaca de Ju\u00e1rez, Oax.. 8 de abril de 2021\/- El reciente ataque&hellip;<\/p>\n","protected":false},"author":2,"featured_media":25700,"comment_status":"closed","ping_status":"open","sticky":false,"template":"","format":"standard","meta":{"_lmt_disableupdate":"","_lmt_disable":"","_jetpack_memberships_contains_paid_content":false,"footnotes":""},"categories":[109,47],"tags":[2588],"class_list":["post-25701","post","type-post","status-publish","format-standard","has-post-thumbnail","hentry","category-minuto-a-minuto","category-zona-gris","tag-santa-cruz-huatulco"],"jetpack_featured_media_url":"https:\/\/zonaroja.com.mx\/wp-content\/uploads\/2021\/04\/img_1687.jpg","jetpack_sharing_enabled":true,"_links":{"self":[{"href":"https:\/\/zonaroja.com.mx\/index.php?rest_route=\/wp\/v2\/posts\/25701","targetHints":{"allow":["GET"]}}],"collection":[{"href":"https:\/\/zonaroja.com.mx\/index.php?rest_route=\/wp\/v2\/posts"}],"about":[{"href":"https:\/\/zonaroja.com.mx\/index.php?rest_route=\/wp\/v2\/types\/post"}],"author":[{"embeddable":true,"href":"https:\/\/zonaroja.com.mx\/index.php?rest_route=\/wp\/v2\/users\/2"}],"replies":[{"embeddable":true,"href":"https:\/\/zonaroja.com.mx\/index.php?rest_route=%2Fwp%2Fv2%2Fcomments&post=25701"}],"version-history":[{"count":1,"href":"https:\/\/zonaroja.com.mx\/index.php?rest_route=\/wp\/v2\/posts\/25701\/revisions"}],"predecessor-version":[{"id":25702,"href":"https:\/\/zonaroja.com.mx\/index.php?rest_route=\/wp\/v2\/posts\/25701\/revisions\/25702"}],"wp:featuredmedia":[{"embeddable":true,"href":"https:\/\/zonaroja.com.mx\/index.php?rest_route=\/wp\/v2\/media\/25700"}],"wp:attachment":[{"href":"https:\/\/zonaroja.com.mx\/index.php?rest_route=%2Fwp%2Fv2%2Fmedia&parent=25701"}],"wp:term":[{"taxonomy":"category","embeddable":true,"href":"https:\/\/zonaroja.com.mx\/index.php?rest_route=%2Fwp%2Fv2%2Fcategories&post=25701"},{"taxonomy":"post_tag","embeddable":true,"href":"https:\/\/zonaroja.com.mx\/index.php?rest_route=%2Fwp%2Fv2%2Ftags&post=25701"}],"curies":[{"name":"wp","href":"https:\/\/api.w.org\/{rel}","templated":true}]}}