{"id":25704,"date":"2021-04-08T13:18:00","date_gmt":"2021-04-08T18:18:00","guid":{"rendered":"https:\/\/www.zonaroja.com.mx\/?p=25704"},"modified":"2021-04-08T13:18:01","modified_gmt":"2021-04-08T18:18:01","slug":"va-heliodoro-diaz-a-la-sspo-es-repudiado-por-s-22-fpr-y-appo-por-hechos-del-2006","status":"publish","type":"post","link":"https:\/\/zonaroja.com.mx\/?p=25704","title":{"rendered":"Va Heliodoro D\u00edaz a la SSPO; es repudiado por S-22, FPR y APPO, por hechos del 2006"},"content":{"rendered":"\n<p class=\"MsoNormal\">Yuridiana Sosa\/Zona Roja. <\/p>\n\n\n\n<p class=\"MsoNormal\">Oaxaca de Ju\u00e1rez, Oax.- 8 de abril de 2021.- Heliodoro D\u00edaz Esc\u00e1rraga ser\u00e1 nombrado como secretario de Seguridad P\u00fablica de Oaxaca, quien desde los hechos violentos del 2006 es se\u00f1alado por la Secci\u00f3n del SNTE, organizaciones sociales y recientemente por diputados de Morena, por su presunta responsabilidad en aquellos actos violentos.<\/p>\n\n\n\n<p class=\"MsoNormal\">De acuerdo con fuentes del Gobierno del Estado, la designaci\u00f3n D\u00edaz Esc\u00e1rraga se oficializar\u00e1 en las pr\u00f3ximas horas, dos semanas despu\u00e9s que su antecesor, Ra\u00fal Ernesto Salcedo Rosales, present\u00f3 su renuncia tras el paro que elementos de la Polic\u00eda Estatal de la SSPO realiz\u00f3 por nueve d\u00edas.<\/p>\n\n\n\n<p class=\"MsoNormal\">El abril de 2020, el priista dej\u00f3 la titularidad de la Coordinaci\u00f3n Estatal de Protecci\u00f3n Civil (CEPCO),<\/p>\n\n\n\n<p class=\"MsoNormal\">&nbsp;Y recibi\u00f3 el cargo de delegado de la Secretar\u00eda de Gobierno (Segob) en Oaxaca, al cual desisti\u00f3 tras la inconformidad que diputados de Morena federales y locales manifestaron a la titular de Segob, Olga S\u00e1nchez Cordero.<\/p>\n\n\n\n<p class=\"MsoNormal\">En esa ocasi\u00f3n, en el Congreso de Oaxaca, la fracci\u00f3n parlamentaria de Morena emiti\u00f3 un posicionamiento en el que apunt\u00f3 dicho nombramiento federal como \u201cuna afrenta al pueblo de Oaxaca\u201d, pues en el 2006 era secretario General de Gobierno de Oaxaca, por lo que tuvo responsabilidad en los con delitos.<\/p>\n\n\n\n<p class=\"MsoNormal\">\u201cEs un personaje que debe ser juzgado por la represi\u00f3n gubernamental al movimiento social de Oaxaca mediante violaciones graves a derechos humanos y cr\u00edmenes de lesa humanidad, como detenciones arbitrarias, tortura, desapariciones forzadas y ejecuciones extrajudiciales\u201d, manifestaron entonces los diputados. <\/p>\n\n\n\n<p class=\"MsoNormal\">Este posicionamiento fue respaldado por la Secci\u00f3n 22 del SNTE adherida a la Coordinadora Nacional de Trabajadores de la Educaci\u00f3n (CNTE).<\/p>\n\n\n\n<p class=\"MsoNormal\">APPO y FPR LO RECHAZA<\/p>\n\n\n\n<p>\u201cInadmisible el nombramiento de Heliodoro D\u00edaz Esc\u00e1rraga como titular de la Secretar\u00eda de Seguridad P\u00fablica en Oaxaca.<\/p>\n\n\n\n<p>\u201cEn los \u00faltimos d\u00edas se ha corrido el rumor del probable nombramiento de Heliodoro al frente de la SSP, hecho que representar\u00eda una afrenta al pueblo de Oaxaca\u201d, difundi\u00f3 a su vez el Frente Popular Revolucionario (FPR).<\/p>\n\n\n\n<p class=\"MsoNormal\">En tanto, ante la pr\u00f3xima designaci\u00f3n como titular de la Secretar\u00eda de Seguridad P\u00fablica, la Asamblea Popular de los Pueblos de Oaxaca se pronunci\u00f3 en contra de D\u00edaz Esc\u00e1rraga.<\/p>\n\n\n\n<p class=\"MsoNormal\">La organizaci\u00f3n principal en el movimiento del 2006 record\u00f3 la funci\u00f3n de D\u00edaz Esc\u00e1rraga en el gobierno de Ulises Ruiz Ortiz. <\/p>\n\n\n\n<p class=\"MsoNormal\">\u201cEl reciclaje de personajes del pasado con negro historial de corrupci\u00f3n y represi\u00f3n dan cuenta de que la actual administraci\u00f3n solo vela por sus intereses de clase por encima de las demandas del pueblo\u201d, cit\u00f3 la APPO en su comunicado, donde tambi\u00e9n pide c\u00e1rcel para el funcionario y el gobernador de Oaxaca, Ulises Ruiz.&nbsp;<\/p>\n\n\n\n<p class=\"MsoNormal\">Heliodoro D\u00edaz cuenta con una larga trayectoria pol\u00edtica y en la administraci\u00f3n p\u00fablica estatal y nacional, as\u00ed como en la legislativa. <\/p>\n\n\n\n<p class=\"MsoNormal\">Entre sus cargos se encuentra el de delegado del Centro de Investigaci\u00f3n y Seguridad Nacional, en el Estado de M\u00e9xico, Morelos e Hidalgo, de 1988 a 1999.<\/p>\n","protected":false},"excerpt":{"rendered":"<p>Yuridiana Sosa\/Zona Roja. Oaxaca de Ju\u00e1rez, Oax.- 8 de abril de 2021.- Heliodoro D\u00edaz Esc\u00e1rraga&hellip;<\/p>\n","protected":false},"author":2,"featured_media":25703,"comment_status":"closed","ping_status":"open","sticky":false,"template":"","format":"standard","meta":{"_lmt_disableupdate":"","_lmt_disable":"","_jetpack_memberships_contains_paid_content":false,"footnotes":""},"categories":[109,47],"tags":[1649],"class_list":["post-25704","post","type-post","status-publish","format-standard","has-post-thumbnail","hentry","category-minuto-a-minuto","category-zona-gris","tag-heliodoro-diaz-escarraga"],"jetpack_featured_media_url":"https:\/\/zonaroja.com.mx\/wp-content\/uploads\/2021\/04\/img_1761.jpg","jetpack_sharing_enabled":true,"_links":{"self":[{"href":"https:\/\/zonaroja.com.mx\/index.php?rest_route=\/wp\/v2\/posts\/25704","targetHints":{"allow":["GET"]}}],"collection":[{"href":"https:\/\/zonaroja.com.mx\/index.php?rest_route=\/wp\/v2\/posts"}],"about":[{"href":"https:\/\/zonaroja.com.mx\/index.php?rest_route=\/wp\/v2\/types\/post"}],"author":[{"embeddable":true,"href":"https:\/\/zonaroja.com.mx\/index.php?rest_route=\/wp\/v2\/users\/2"}],"replies":[{"embeddable":true,"href":"https:\/\/zonaroja.com.mx\/index.php?rest_route=%2Fwp%2Fv2%2Fcomments&post=25704"}],"version-history":[{"count":1,"href":"https:\/\/zonaroja.com.mx\/index.php?rest_route=\/wp\/v2\/posts\/25704\/revisions"}],"predecessor-version":[{"id":25705,"href":"https:\/\/zonaroja.com.mx\/index.php?rest_route=\/wp\/v2\/posts\/25704\/revisions\/25705"}],"wp:featuredmedia":[{"embeddable":true,"href":"https:\/\/zonaroja.com.mx\/index.php?rest_route=\/wp\/v2\/media\/25703"}],"wp:attachment":[{"href":"https:\/\/zonaroja.com.mx\/index.php?rest_route=%2Fwp%2Fv2%2Fmedia&parent=25704"}],"wp:term":[{"taxonomy":"category","embeddable":true,"href":"https:\/\/zonaroja.com.mx\/index.php?rest_route=%2Fwp%2Fv2%2Fcategories&post=25704"},{"taxonomy":"post_tag","embeddable":true,"href":"https:\/\/zonaroja.com.mx\/index.php?rest_route=%2Fwp%2Fv2%2Ftags&post=25704"}],"curies":[{"name":"wp","href":"https:\/\/api.w.org\/{rel}","templated":true}]}}