{"id":25713,"date":"2021-04-08T19:36:45","date_gmt":"2021-04-09T00:36:45","guid":{"rendered":"http:\/\/www.zonaroja.com.mx\/?p=25713"},"modified":"2021-04-08T19:36:49","modified_gmt":"2021-04-09T00:36:49","slug":"martha-erika-rodriguez-candidata-a-diputada-federal-busca-paridad-de-genero-en-congreso","status":"publish","type":"post","link":"https:\/\/zonaroja.com.mx\/?p=25713","title":{"rendered":"Martha Erika Rodr\u00edguez, candidata a diputada federal, busca paridad de g\u00e9nero en congreso"},"content":{"rendered":"\n<p>Redacci\u00f3n\/Zona Roja.<\/p>\n\n\n\n<p>Oaxaca de Ju\u00e1rez, Oax., 8 de abril de 2021.- Mujer con car\u00e1cter, fuerza y gran esp\u00edritu de solidaridad, as\u00ed se le conoce a Martha \u00c9rika Rodr\u00edguez Sosa, ahora candidata a diputada federal por el distrito 8 con cabecera en Oaxaca de Ju\u00e1rez, que bajo el cobijo e ideales del Partido Movimiento Ciudadano, busca pertenecer al Congreso.<\/p>\n\n\n\n<p>La abogada, de 47 a\u00f1os de edad, obtuvo su licenciatura en la Universidad Aut\u00f3noma \u201cBenito Ju\u00e1rez\u201d de Oaxaca, originaria de tierras oaxaque\u00f1as, se ha distinguido por ser trabajadora, emprendedora, humilde y muy profesional, gracias a su trabajo se ha permitido conocer las necesidades de diversos municipios de la entidad.<\/p>\n\n\n\n<p>A lo largo de su preparaci\u00f3n profesional, se ha acreditado en temas de inter\u00e9s social, ha defendido a personas de escasos recursos y a otras minor\u00edas que requieren de atenci\u00f3n y protecci\u00f3n a sus derechos, virtudes que le permitir\u00e1 ser una oponente digna en las elecciones, \u201cno s\u00f3lo se trata de la paridad de g\u00e9nero en el Congreso, sino ser un ejemplo para que las mujeres sepan que, si se lo proponen, pueden ayudar a las dem\u00e1s\u201d.<\/p>\n\n\n\n<p>Entrevistada, asever\u00f3 que sus propuestas de campa\u00f1a se regir\u00e1n por los estatus generales del Partido Movimiento Ciudadano, titulados \u201cPropuestas para la Evoluci\u00f3n Mexicana\u201d, puntualizando, principalmente, en los rubros titulados: \u201cQue se castigue el acoso en todo el pa\u00eds\u201d, \u201cDatos libres para estudiar\u201d, \u201cM\u00e9xico en paz\u201d; \u201cQue no falten medicamentos\u201d y, por \u00faltimo: \u201cTodos los derechos para todas las personas\u201d.<\/p>\n\n\n\n<p>Uno de los objetivos principales al llegar al Congreso ser\u00e1 posicionar la agenda de Movimiento Ciudadano, mostrarla como un proyecto de y para las personas, diferenci\u00e1ndolo de las dem\u00e1s fuerzas pol\u00edticas.<\/p>\n\n\n\n<p>La profesionista se ha especializado en \u00e1reas relacionadas a derechos humanos, violencia de g\u00e9nero, tambi\u00e9n ha asistido a m\u00faltiples diplomados relacionados con los derechos de la infancia, adolescencia y el desarrollo integral de la familia.<\/p>\n\n\n\n<p>De igual manera, ha trabajado como representante del estado mexicano en el 150 periodo ordinario de sesiones de la Comisi\u00f3n Interamericana de Derechos Humanos para tratar \u201cSalud Materna y denuncias de violencia Obst\u00e9trica en M\u00e9xico\u201d, en el a\u00f1o 2014 en Washington, D.C.<\/p>\n\n\n\n<p>Fue directora integrante del Comit\u00e9 Organizador local en el seguimiento y desarrollo del concurso juvenil \u201cDebate pol\u00edtico 2016\u201d y directora de Desarrollo Familiar y Comunitario del Sistema para el Desarrollo Integral de la Familia del Estado de Oaxaca del 2014 al 2016. Actualmente es titular del despacho jur\u00eddico y servicios para municipios, desde el 2017.<\/p>\n\n\n\n<p>Sin dudar que ganar\u00e1 la diputaci\u00f3n, agradece los valores inculcados desde su familia, que le llev\u00f3, en primer lugar, a ser profesionista, y en segundo, a luchar desde su trinchera, por los derechos de los dem\u00e1s, lo que reforzar\u00e1 en su gesti\u00f3n legislativa.<\/p>\n","protected":false},"excerpt":{"rendered":"<p>Redacci\u00f3n\/Zona Roja. Oaxaca de Ju\u00e1rez, Oax., 8 de abril de 2021.- Mujer con car\u00e1cter, fuerza&hellip;<\/p>\n","protected":false},"author":2,"featured_media":25714,"comment_status":"closed","ping_status":"open","sticky":false,"template":"","format":"standard","meta":{"_lmt_disableupdate":"","_lmt_disable":"","_jetpack_memberships_contains_paid_content":false,"footnotes":""},"categories":[109,46],"tags":[2590],"class_list":["post-25713","post","type-post","status-publish","format-standard","has-post-thumbnail","hentry","category-minuto-a-minuto","category-zona-blanca","tag-martha-erika-rodriguez-sosa"],"jetpack_featured_media_url":"https:\/\/zonaroja.com.mx\/wp-content\/uploads\/2021\/04\/Martha-Ericka-Rodriguez.jpg","jetpack_sharing_enabled":true,"_links":{"self":[{"href":"https:\/\/zonaroja.com.mx\/index.php?rest_route=\/wp\/v2\/posts\/25713","targetHints":{"allow":["GET"]}}],"collection":[{"href":"https:\/\/zonaroja.com.mx\/index.php?rest_route=\/wp\/v2\/posts"}],"about":[{"href":"https:\/\/zonaroja.com.mx\/index.php?rest_route=\/wp\/v2\/types\/post"}],"author":[{"embeddable":true,"href":"https:\/\/zonaroja.com.mx\/index.php?rest_route=\/wp\/v2\/users\/2"}],"replies":[{"embeddable":true,"href":"https:\/\/zonaroja.com.mx\/index.php?rest_route=%2Fwp%2Fv2%2Fcomments&post=25713"}],"version-history":[{"count":1,"href":"https:\/\/zonaroja.com.mx\/index.php?rest_route=\/wp\/v2\/posts\/25713\/revisions"}],"predecessor-version":[{"id":25715,"href":"https:\/\/zonaroja.com.mx\/index.php?rest_route=\/wp\/v2\/posts\/25713\/revisions\/25715"}],"wp:featuredmedia":[{"embeddable":true,"href":"https:\/\/zonaroja.com.mx\/index.php?rest_route=\/wp\/v2\/media\/25714"}],"wp:attachment":[{"href":"https:\/\/zonaroja.com.mx\/index.php?rest_route=%2Fwp%2Fv2%2Fmedia&parent=25713"}],"wp:term":[{"taxonomy":"category","embeddable":true,"href":"https:\/\/zonaroja.com.mx\/index.php?rest_route=%2Fwp%2Fv2%2Fcategories&post=25713"},{"taxonomy":"post_tag","embeddable":true,"href":"https:\/\/zonaroja.com.mx\/index.php?rest_route=%2Fwp%2Fv2%2Ftags&post=25713"}],"curies":[{"name":"wp","href":"https:\/\/api.w.org\/{rel}","templated":true}]}}