{"id":25723,"date":"2021-04-08T21:20:35","date_gmt":"2021-04-09T02:20:35","guid":{"rendered":"http:\/\/www.zonaroja.com.mx\/?p=25723"},"modified":"2021-04-08T21:20:44","modified_gmt":"2021-04-09T02:20:44","slug":"lucran-en-proceso-electoral-con-imagen-de-edil-de-tuxtepec-fallecido-por-covid","status":"publish","type":"post","link":"https:\/\/zonaroja.com.mx\/?p=25723","title":{"rendered":"Lucran en proceso electoral con imagen de edil de Tuxtepec fallecido por Covid"},"content":{"rendered":"\n<p>Yuridiana Sosa\/Zona Roja.<\/p>\n\n\n\n<p>San Juan Bautista Tuxtepec, Oax., 8 de abril de 2021.- A poco m\u00e1s de ocho meses de su fallecimiento por Covid-19, el ex edil de Tuxtepec, Fernando Bautista D\u00e1vila, regresa a las comunidades, pero ahora por medio de una impresi\u00f3n tama\u00f1o real que sus familiares y la Fundaci\u00f3n Humanitaria de la Cuenca del Papaloapan (Fhucup) realizaron y regalaron.<\/p>\n\n\n\n<p>De acuerdo con la difusi\u00f3n de las im\u00e1genes en redes sociales, que comenz\u00f3 este mi\u00e9rcoles, la figura del edil posa con personas de una localidad y con personal de la Fhucup A.C., la cual \u00e9l cre\u00f3 hace 10 a\u00f1os.<\/p>\n\n\n\n<p>Las fotos se comparten junto con un texto en el que las personas agradecieron la impresi\u00f3n y reiteraron el apoyo a la familia del difunto para el proceso electoral de este a\u00f1o, en el que Mar\u00eda Luisa Vallejo, viuda del ex edil, es candidata a la presidencia de Tuxtepec por el partido Nueva Alianza.<\/p>\n\n\n\n<p>En una de las fotograf\u00edas se exhibe la figura impresa de Bautista D\u00e1vila entre un grupo de mujeres que portan cubrebocas. Al frente una mesa llena de pi\u00f1atas. En otra, junto a tres personas m\u00e1s, en la que aparentemente realizaron la entrega de muletas.<\/p>\n\n\n\n<figure class=\"wp-block-image size-large\"><img decoding=\"async\" width=\"960\" height=\"720\" src=\"http:\/\/www.zonaroja.com.mx\/wp-content\/uploads\/2021\/04\/Fernando-Bautista-Davila-2.jpg\" alt=\"\" class=\"wp-image-25725\" srcset=\"https:\/\/zonaroja.com.mx\/wp-content\/uploads\/2021\/04\/Fernando-Bautista-Davila-2.jpg 960w, https:\/\/zonaroja.com.mx\/wp-content\/uploads\/2021\/04\/Fernando-Bautista-Davila-2-300x225.jpg 300w, https:\/\/zonaroja.com.mx\/wp-content\/uploads\/2021\/04\/Fernando-Bautista-Davila-2-768x576.jpg 768w, https:\/\/zonaroja.com.mx\/wp-content\/uploads\/2021\/04\/Fernando-Bautista-Davila-2-585x439.jpg 585w\" sizes=\"(max-width: 960px) 100vw, 960px\" \/><\/figure>\n\n\n\n<p>&nbsp;En el texto se indica: \u201cAhora continuar\u00e1 su legado la gran se\u00f1ora Mar\u00eda Luisa de D\u00e1vila porque as\u00ed \u00e9l se lo dijo a do\u00f1a Gina \u2013hermana del ex edil- en el sue\u00f1o\u201d.<\/p>\n\n\n\n<p>Y tambi\u00e9n dice: \u201cLe pese a quien le pese vamos a ganar y en los pr\u00f3ximos a\u00f1os no solo vamos a tener una imagen sino una estatua como \u00e9l se lo merece. Gracias familia D\u00e1vila\u201d.<\/p>\n\n\n\n<p>Fernando Bautista falleci\u00f3 el 16 de julio de 2020 a consecuencia del Covid-19, luego de permanecer por un mes internado en una cl\u00ednica en Veracruz.<\/p>\n\n\n\n<p>El perfil donde se publican las im\u00e1genes tambi\u00e9n ha realizado diversas publicaciones contra el edil actual de Tuxtepec, No\u00e9 Ram\u00edrez, quien como suplente de D\u00e1vila ocup\u00f3 el cargo y ahora busca la reelecci\u00f3n por el partido Movimiento Ciudadano.<\/p>\n","protected":false},"excerpt":{"rendered":"<p>Yuridiana Sosa\/Zona Roja. San Juan Bautista Tuxtepec, Oax., 8 de abril de 2021.- A poco&hellip;<\/p>\n","protected":false},"author":2,"featured_media":25724,"comment_status":"closed","ping_status":"open","sticky":false,"template":"","format":"standard","meta":{"_lmt_disableupdate":"","_lmt_disable":"","_jetpack_memberships_contains_paid_content":false,"footnotes":""},"categories":[109,47],"tags":[910,2591],"class_list":["post-25723","post","type-post","status-publish","format-standard","has-post-thumbnail","hentry","category-minuto-a-minuto","category-zona-gris","tag-fernando-bautista-davila","tag-maria-luisa-vallejo"],"jetpack_featured_media_url":"https:\/\/zonaroja.com.mx\/wp-content\/uploads\/2021\/04\/Fernando-Bautista-Davila-1.jpg","jetpack_sharing_enabled":true,"_links":{"self":[{"href":"https:\/\/zonaroja.com.mx\/index.php?rest_route=\/wp\/v2\/posts\/25723","targetHints":{"allow":["GET"]}}],"collection":[{"href":"https:\/\/zonaroja.com.mx\/index.php?rest_route=\/wp\/v2\/posts"}],"about":[{"href":"https:\/\/zonaroja.com.mx\/index.php?rest_route=\/wp\/v2\/types\/post"}],"author":[{"embeddable":true,"href":"https:\/\/zonaroja.com.mx\/index.php?rest_route=\/wp\/v2\/users\/2"}],"replies":[{"embeddable":true,"href":"https:\/\/zonaroja.com.mx\/index.php?rest_route=%2Fwp%2Fv2%2Fcomments&post=25723"}],"version-history":[{"count":1,"href":"https:\/\/zonaroja.com.mx\/index.php?rest_route=\/wp\/v2\/posts\/25723\/revisions"}],"predecessor-version":[{"id":25726,"href":"https:\/\/zonaroja.com.mx\/index.php?rest_route=\/wp\/v2\/posts\/25723\/revisions\/25726"}],"wp:featuredmedia":[{"embeddable":true,"href":"https:\/\/zonaroja.com.mx\/index.php?rest_route=\/wp\/v2\/media\/25724"}],"wp:attachment":[{"href":"https:\/\/zonaroja.com.mx\/index.php?rest_route=%2Fwp%2Fv2%2Fmedia&parent=25723"}],"wp:term":[{"taxonomy":"category","embeddable":true,"href":"https:\/\/zonaroja.com.mx\/index.php?rest_route=%2Fwp%2Fv2%2Fcategories&post=25723"},{"taxonomy":"post_tag","embeddable":true,"href":"https:\/\/zonaroja.com.mx\/index.php?rest_route=%2Fwp%2Fv2%2Ftags&post=25723"}],"curies":[{"name":"wp","href":"https:\/\/api.w.org\/{rel}","templated":true}]}}