{"id":25727,"date":"2021-04-08T21:58:35","date_gmt":"2021-04-09T02:58:35","guid":{"rendered":"http:\/\/www.zonaroja.com.mx\/?p=25727"},"modified":"2021-04-08T21:58:39","modified_gmt":"2021-04-09T02:58:39","slug":"recibe-asociacion-de-periodistas-a-candidatos-de-va-por-oaxaca","status":"publish","type":"post","link":"https:\/\/zonaroja.com.mx\/?p=25727","title":{"rendered":"Recibe Asociaci\u00f3n de Periodistas a candidatos de \u201cVa por Oaxaca\u201d"},"content":{"rendered":"\n<p>Yuridiana Sosa\/Zona Roja.<\/p>\n\n\n\n<p>Oaxaca de Ju\u00e1rez, Oax., 8 de abril de 2021.- En un ejercicio de foro abierto para conocer las propuestas de los candidatos a diferentes cargos p\u00fablicos de distintos partidos, la Asociaci\u00f3n de Periodistas de Oaxaca (APO) recibi\u00f3 a Jos\u00e9 Antonio Hern\u00e1ndez Fraguas y Marian Nassar, de la coalici\u00f3n \u201cVa por Oaxaca\u201d, aspirantes de la diputaci\u00f3n federal por el Distrito 8.<\/p>\n\n\n\n<p>Los candidatos expusieron ante los medios de comunicaci\u00f3n sus retos, forma de trabajo y propuestas durante la campa\u00f1a y lo que plantear\u00edan en la C\u00e1mara de Diputados en caso de gana la elecci\u00f3n.<\/p>\n\n\n\n<p>Hern\u00e1ndez Fraguas exhort\u00f3 a sus contendientes y al resto de quienes participan en el proceso electoral a llevar a cabo una jornada con civilidad, responsabilidad, con debate de ideas y con apego a la legalidad.<\/p>\n\n\n\n<p>El candidato aclar\u00f3 que no est\u00e1n en contra de la Presidencia de la Rep\u00fablica, pero s\u00ed defender\u00e1n ser una oposici\u00f3n responsable, con proyectos \u00fatiles para la poblaci\u00f3n, por lo que en los planes legislativos se encuentra la intensi\u00f3n de regresar los programas sociales que \u201cdesapareci\u00f3\u201d el actual gobierno federal.<\/p>\n\n\n\n<figure class=\"wp-block-embed-twitter wp-block-embed is-type-rich is-provider-twitter\"><div class=\"wp-block-embed__wrapper\">\n<div class=\"twitter-tweet\"><blockquote class=\"twitter-tweet\" data-lang=\"es\"><p lang=\"es\" dir=\"ltr\"><a href=\"https:\/\/twitter.com\/hashtag\/%C3%9AltimoMinuto?src=hash&amp;ref_src=twsrc%5Etfw\">#\u00daltimoMinuto<\/a> <br>1. En conferencia en la sede de la <a href=\"https:\/\/twitter.com\/apooax40?ref_src=twsrc%5Etfw\">@apooax40<\/a>, <a href=\"https:\/\/twitter.com\/nassarmariana?ref_src=twsrc%5Etfw\">@nassarmariana<\/a>, la suplente de <a href=\"https:\/\/twitter.com\/JAHFraguas?ref_src=twsrc%5Etfw\">@JAHFraguas<\/a> en busca de la diputaci\u00f3n federal, reprob\u00f3 la violencia pol\u00edtica y de g\u00e9nero en contra de las mujeres, en el actual proceso electoral. <a href=\"https:\/\/t.co\/uZ39oCDAOx\">pic.twitter.com\/uZ39oCDAOx<\/a><\/p>&mdash; Zona Roja Oaxaca (@Zona_Roja_Oax) <a href=\"https:\/\/twitter.com\/Zona_Roja_Oax\/status\/1380262575242420230?ref_src=twsrc%5Etfw\">8 de abril de 2021<\/a><\/blockquote><\/div>\n<\/div><\/figure>\n\n\n\n<p>Agreg\u00f3 que s\u00f3lo era necesario abatir la corrupci\u00f3n que se se\u00f1al\u00f3 exist\u00eda, pero sin afectar a los distintos grupos de la sociedad que quedaron en el desamparo.<\/p>\n\n\n\n<p>Marian Nassar dijo que es urgente devolver los programas a favor de las mujeres, por los que van a pelear como grupo opositor, pues es necesario un contrapeso en la c\u00e1mara de diputados.<\/p>\n\n\n\n<p>EN CAMPA\u00d1A<\/p>\n\n\n\n<p>Como parte de las estrategias que actualmente implementan en campa\u00f1a es convocar a los distintos sectores, organizaciones, colegios de profesionistas, c\u00e1maras empresariales, asociaciones a aportar con sus inquietudes o necesidades para armar una agenda legislativa.<\/p>\n\n\n\n<p>Afirmaron que realizaran una jornada con respeto a las medidas sanitarias y que el principal reto que actualmente enfrentan los candidatos es convencer a las personas a que salgan votar, pues a\u00fan seguimos en contingencia sanitaria por Covid-19.<\/p>\n\n\n\n<figure class=\"wp-block-embed-twitter wp-block-embed is-type-rich is-provider-twitter\"><div class=\"wp-block-embed__wrapper\">\n<div class=\"twitter-tweet\"><blockquote class=\"twitter-tweet\" data-lang=\"es\"><p lang=\"es\" dir=\"ltr\"><a href=\"https:\/\/twitter.com\/hashtag\/%C3%9AltimoMinuto?src=hash&amp;ref_src=twsrc%5Etfw\">#\u00daltimoMinuto<\/a> <br>2. Al dar la bienvenida a <a href=\"https:\/\/twitter.com\/JAHFraguas?ref_src=twsrc%5Etfw\">@JAHFraguas<\/a>, el integrante de la dirigencia colectiva de la <a href=\"https:\/\/twitter.com\/apooax40?ref_src=twsrc%5Etfw\">@apooax40<\/a>, <a href=\"https:\/\/twitter.com\/Gsumano2?ref_src=twsrc%5Etfw\">@Gsumano2<\/a>, expuso que la asociaci\u00f3n es un foro para distintas expresiones sociales y pol\u00edticas, abierta a la discusi\u00f3n y el debate de las ideas. <a href=\"https:\/\/t.co\/uLv1VkzrX9\">pic.twitter.com\/uLv1VkzrX9<\/a><\/p>&mdash; Zona Roja Oaxaca (@Zona_Roja_Oax) <a href=\"https:\/\/twitter.com\/Zona_Roja_Oax\/status\/1380293935558504448?ref_src=twsrc%5Etfw\">8 de abril de 2021<\/a><\/blockquote><\/div>\n<\/div><\/figure>\n","protected":false},"excerpt":{"rendered":"<p>Yuridiana Sosa\/Zona Roja. Oaxaca de Ju\u00e1rez, Oax., 8 de abril de 2021.- En un ejercicio&hellip;<\/p>\n","protected":false},"author":2,"featured_media":25728,"comment_status":"closed","ping_status":"open","sticky":false,"template":"","format":"standard","meta":{"_lmt_disableupdate":"","_lmt_disable":"","_jetpack_memberships_contains_paid_content":false,"footnotes":""},"categories":[109,46],"tags":[1041,2592],"class_list":["post-25727","post","type-post","status-publish","format-standard","has-post-thumbnail","hentry","category-minuto-a-minuto","category-zona-blanca","tag-asociacion-de-periodistas-de-oaxaca-apo","tag-jose-antonio-hernandez-fraguas"],"jetpack_featured_media_url":"https:\/\/zonaroja.com.mx\/wp-content\/uploads\/2021\/04\/Asociacion-de-Periodistas-de-Oaxaca.jpg","jetpack_sharing_enabled":true,"_links":{"self":[{"href":"https:\/\/zonaroja.com.mx\/index.php?rest_route=\/wp\/v2\/posts\/25727","targetHints":{"allow":["GET"]}}],"collection":[{"href":"https:\/\/zonaroja.com.mx\/index.php?rest_route=\/wp\/v2\/posts"}],"about":[{"href":"https:\/\/zonaroja.com.mx\/index.php?rest_route=\/wp\/v2\/types\/post"}],"author":[{"embeddable":true,"href":"https:\/\/zonaroja.com.mx\/index.php?rest_route=\/wp\/v2\/users\/2"}],"replies":[{"embeddable":true,"href":"https:\/\/zonaroja.com.mx\/index.php?rest_route=%2Fwp%2Fv2%2Fcomments&post=25727"}],"version-history":[{"count":1,"href":"https:\/\/zonaroja.com.mx\/index.php?rest_route=\/wp\/v2\/posts\/25727\/revisions"}],"predecessor-version":[{"id":25729,"href":"https:\/\/zonaroja.com.mx\/index.php?rest_route=\/wp\/v2\/posts\/25727\/revisions\/25729"}],"wp:featuredmedia":[{"embeddable":true,"href":"https:\/\/zonaroja.com.mx\/index.php?rest_route=\/wp\/v2\/media\/25728"}],"wp:attachment":[{"href":"https:\/\/zonaroja.com.mx\/index.php?rest_route=%2Fwp%2Fv2%2Fmedia&parent=25727"}],"wp:term":[{"taxonomy":"category","embeddable":true,"href":"https:\/\/zonaroja.com.mx\/index.php?rest_route=%2Fwp%2Fv2%2Fcategories&post=25727"},{"taxonomy":"post_tag","embeddable":true,"href":"https:\/\/zonaroja.com.mx\/index.php?rest_route=%2Fwp%2Fv2%2Ftags&post=25727"}],"curies":[{"name":"wp","href":"https:\/\/api.w.org\/{rel}","templated":true}]}}