{"id":2573,"date":"2019-07-27T21:30:05","date_gmt":"2019-07-28T02:30:05","guid":{"rendered":"http:\/\/www.zonaroja.com.mx\/?p=2573"},"modified":"2019-07-27T21:30:08","modified_gmt":"2019-07-28T02:30:08","slug":"aprehenden-a-probable-responsable-del-asesinato-de-policia-vial","status":"publish","type":"post","link":"https:\/\/zonaroja.com.mx\/?p=2573","title":{"rendered":"Aprehenden a probable responsable del asesinato de Polic\u00eda Vial"},"content":{"rendered":"\n<p>Redacci\u00f3n<\/p>\n\n\n\n<p>Oaxaca de Ju\u00e1rez, Oax., 27 de julio de\n2019.- Un individuo identificado como J. L. S. V. o J. L. S. V. (sic) habr\u00eda\nasesinado al elemento de la Polic\u00eda Vial Estatal, V\u00edctor L\u00f3pez Caballero, en el\ninterior de su patrulla, el pasado martes 23 de julio.<\/p>\n\n\n\n<p>En un comunicado, la Fiscal\u00eda General\ndel Estado inform\u00f3 que, de acuerdo con la causa penal 249\/2019, los hechos\nocurrieron en la colonia del Bosque de la Heroica Ciudad de Tlaxiaco, \u201ccuando\nel imputado se encontraba con la v\u00edctima dentro de una unidad de la Polic\u00eda\nVial, cuando el probable homicida dispar\u00f3 contra el agente vial, caus\u00e1ndole la\nmuerte de manera instant\u00e1nea\u201d.<\/p>\n\n\n\n<p>Inform\u00f3 que la detenci\u00f3n del acusado se\nllev\u00f3 a cabo por elementos de la Agencia Estatal de Investigaciones, tras lo\ncual se llev\u00f3 a audiencia al imputado como probable responsable del delito de\nhomicidio calificado en contra V\u00edctor L\u00f3pez.<\/p>\n\n\n\n<p>\u201cPor estos hechos y luego de realizar\nlas diligencias correspondientes, la Vicefiscal\u00eda Regional de la Mixteca logr\u00f3\nla identificaci\u00f3n, ubicaci\u00f3n y aprehensi\u00f3n del probable homicida, poni\u00e9ndolo a\ndisposici\u00f3n de la autoridad judicial correspondiente.<\/p>\n\n\n\n<p>En audiencia, el imputado se acogi\u00f3 al\nt\u00e9rmino constitucional, por lo que la audiencia para resolver la situaci\u00f3n\njur\u00eddica del imputado, se llevar\u00e1 a cabo el pr\u00f3ximo 29 de julio\u201d, expuso.<\/p>\n","protected":false},"excerpt":{"rendered":"<p>Redacci\u00f3n Oaxaca de Ju\u00e1rez, Oax., 27 de julio de 2019.- Un individuo identificado como J.&hellip;<\/p>\n","protected":false},"author":2,"featured_media":2574,"comment_status":"closed","ping_status":"open","sticky":false,"template":"","format":"standard","meta":{"_lmt_disableupdate":"","_lmt_disable":"","_jetpack_memberships_contains_paid_content":false,"footnotes":""},"categories":[109,51],"tags":[414],"class_list":["post-2573","post","type-post","status-publish","format-standard","has-post-thumbnail","hentry","category-minuto-a-minuto","category-zona-roja","tag-detiene-fiscalia-a-probable-responsable-de-asesinar-a-policia-vial"],"jetpack_featured_media_url":"https:\/\/zonaroja.com.mx\/wp-content\/uploads\/2019\/07\/Patrulla-Polic\u00eda-vial.jpg","jetpack_sharing_enabled":true,"_links":{"self":[{"href":"https:\/\/zonaroja.com.mx\/index.php?rest_route=\/wp\/v2\/posts\/2573","targetHints":{"allow":["GET"]}}],"collection":[{"href":"https:\/\/zonaroja.com.mx\/index.php?rest_route=\/wp\/v2\/posts"}],"about":[{"href":"https:\/\/zonaroja.com.mx\/index.php?rest_route=\/wp\/v2\/types\/post"}],"author":[{"embeddable":true,"href":"https:\/\/zonaroja.com.mx\/index.php?rest_route=\/wp\/v2\/users\/2"}],"replies":[{"embeddable":true,"href":"https:\/\/zonaroja.com.mx\/index.php?rest_route=%2Fwp%2Fv2%2Fcomments&post=2573"}],"version-history":[{"count":1,"href":"https:\/\/zonaroja.com.mx\/index.php?rest_route=\/wp\/v2\/posts\/2573\/revisions"}],"predecessor-version":[{"id":2575,"href":"https:\/\/zonaroja.com.mx\/index.php?rest_route=\/wp\/v2\/posts\/2573\/revisions\/2575"}],"wp:featuredmedia":[{"embeddable":true,"href":"https:\/\/zonaroja.com.mx\/index.php?rest_route=\/wp\/v2\/media\/2574"}],"wp:attachment":[{"href":"https:\/\/zonaroja.com.mx\/index.php?rest_route=%2Fwp%2Fv2%2Fmedia&parent=2573"}],"wp:term":[{"taxonomy":"category","embeddable":true,"href":"https:\/\/zonaroja.com.mx\/index.php?rest_route=%2Fwp%2Fv2%2Fcategories&post=2573"},{"taxonomy":"post_tag","embeddable":true,"href":"https:\/\/zonaroja.com.mx\/index.php?rest_route=%2Fwp%2Fv2%2Ftags&post=2573"}],"curies":[{"name":"wp","href":"https:\/\/api.w.org\/{rel}","templated":true}]}}