{"id":25733,"date":"2021-04-08T22:26:04","date_gmt":"2021-04-09T03:26:04","guid":{"rendered":"http:\/\/www.zonaroja.com.mx\/?p=25733"},"modified":"2021-04-08T22:26:09","modified_gmt":"2021-04-09T03:26:09","slug":"ex-diputada-local-y-ex-alcaldesa-asume-la-direccion-del-registro-civil","status":"publish","type":"post","link":"https:\/\/zonaroja.com.mx\/?p=25733","title":{"rendered":"Ex diputada local y ex alcaldesa asume la Direcci\u00f3n del Registro Civil"},"content":{"rendered":"\n<p>Redacci\u00f3n\/Zona Roja.<\/p>\n\n\n\n<p>Oaxaca de Ju\u00e1rez, Oax., 8 de abril de 2021.- La ex diputada local y ex presidenta municipal de Salina Cruz, Rosa Nidia Villalobos, asumi\u00f3 este jueves la Direcci\u00f3n del Registro Civil.<\/p>\n\n\n\n<p>Lo anterior, en sustituci\u00f3n de Christian Hern\u00e1ndez Fuentes, quien renunci\u00f3 al cargo en busca de una diputaci\u00f3n local por el distrito de Juchit\u00e1n.<\/p>\n\n\n\n<p>En un comunicado de prensa, el Gobierno del Estado inform\u00f3 tambi\u00e9n de otras designaciones que hizo el mandatario Alejandro Murat este jueves.<\/p>\n\n\n\n<p>Nombr\u00f3 a Heliodoro Carlos D\u00edaz Esc\u00e1rraga como nuevo titular de la Secretar\u00eda de Seguridad P\u00fablica de Oaxaca, a quien conmin\u00f3 a cumplir con su responsabilidad encomendadas para seguir construyendo las bases que requiere el Estado en materia de seguridad p\u00fablica.<\/p>\n\n\n\n<p>As\u00ed tambi\u00e9n a Nallely Hern\u00e1ndez Garc\u00eda como secretaria de Pueblos Ind\u00edgenas y Afromexicano (Sepia); a Rosa Nidia Villalobos Gonz\u00e1lez, como directora del Registro Civil y a Edna Fernanda P\u00e9rez Z\u00e1rate, como titular del Instituto de la Juventud del Estado de Oaxaca (Injeo).<\/p>\n\n\n\n<p>El mandatario reconoci\u00f3 el desempe\u00f1o, dedicaci\u00f3n y compromiso social de Ra\u00fal Ernesto Salcedo Rosales frente a la Secretar\u00eda de Seguridad P\u00fablica de Oaxaca; a Sotero Santiago Dom\u00ednguez encargado del despacho en la Secretar\u00eda de Pueblos Ind\u00edgenas y Afromexicano.<\/p>\n\n\n\n<p>As\u00ed como a Christian Hern\u00e1ndez Fuentes en la Direcci\u00f3n del Registro Civil y a Elvia Gabriela P\u00e9rez L\u00f3pez, en el Instituto de la Juventud del Estado de Oaxaca.<\/p>\n","protected":false},"excerpt":{"rendered":"<p>Redacci\u00f3n\/Zona Roja. Oaxaca de Ju\u00e1rez, Oax., 8 de abril de 2021.- La ex diputada local&hellip;<\/p>\n","protected":false},"author":2,"featured_media":25734,"comment_status":"closed","ping_status":"open","sticky":false,"template":"","format":"standard","meta":{"_lmt_disableupdate":"","_lmt_disable":"","_jetpack_memberships_contains_paid_content":false,"footnotes":""},"categories":[109,46],"tags":[2593],"class_list":["post-25733","post","type-post","status-publish","format-standard","has-post-thumbnail","hentry","category-minuto-a-minuto","category-zona-blanca","tag-rosa-nidia-villalobos-gonzalez"],"jetpack_featured_media_url":"https:\/\/zonaroja.com.mx\/wp-content\/uploads\/2021\/04\/Rosa-Nidia-Villalobos-2.jpg","jetpack_sharing_enabled":true,"_links":{"self":[{"href":"https:\/\/zonaroja.com.mx\/index.php?rest_route=\/wp\/v2\/posts\/25733","targetHints":{"allow":["GET"]}}],"collection":[{"href":"https:\/\/zonaroja.com.mx\/index.php?rest_route=\/wp\/v2\/posts"}],"about":[{"href":"https:\/\/zonaroja.com.mx\/index.php?rest_route=\/wp\/v2\/types\/post"}],"author":[{"embeddable":true,"href":"https:\/\/zonaroja.com.mx\/index.php?rest_route=\/wp\/v2\/users\/2"}],"replies":[{"embeddable":true,"href":"https:\/\/zonaroja.com.mx\/index.php?rest_route=%2Fwp%2Fv2%2Fcomments&post=25733"}],"version-history":[{"count":1,"href":"https:\/\/zonaroja.com.mx\/index.php?rest_route=\/wp\/v2\/posts\/25733\/revisions"}],"predecessor-version":[{"id":25735,"href":"https:\/\/zonaroja.com.mx\/index.php?rest_route=\/wp\/v2\/posts\/25733\/revisions\/25735"}],"wp:featuredmedia":[{"embeddable":true,"href":"https:\/\/zonaroja.com.mx\/index.php?rest_route=\/wp\/v2\/media\/25734"}],"wp:attachment":[{"href":"https:\/\/zonaroja.com.mx\/index.php?rest_route=%2Fwp%2Fv2%2Fmedia&parent=25733"}],"wp:term":[{"taxonomy":"category","embeddable":true,"href":"https:\/\/zonaroja.com.mx\/index.php?rest_route=%2Fwp%2Fv2%2Fcategories&post=25733"},{"taxonomy":"post_tag","embeddable":true,"href":"https:\/\/zonaroja.com.mx\/index.php?rest_route=%2Fwp%2Fv2%2Ftags&post=25733"}],"curies":[{"name":"wp","href":"https:\/\/api.w.org\/{rel}","templated":true}]}}