{"id":25736,"date":"2021-04-09T07:52:25","date_gmt":"2021-04-09T12:52:25","guid":{"rendered":"http:\/\/www.zonaroja.com.mx\/?p=25736"},"modified":"2021-04-09T07:52:29","modified_gmt":"2021-04-09T12:52:29","slug":"mato-su-esposa-a-balazos-cinco-anos-despues-le-dan-66-anos-de-prision","status":"publish","type":"post","link":"https:\/\/zonaroja.com.mx\/?p=25736","title":{"rendered":"Mat\u00f3 su esposa a balazos; cinco a\u00f1os despu\u00e9s, le dan 66 a\u00f1os de prisi\u00f3n"},"content":{"rendered":"\n<p>Redacci\u00f3n\/Zona Roja.<\/p>\n\n\n\n<p>Oaxaca de Ju\u00e1rez, Oax., 9 de abril de 2021.- Casi cinco a\u00f1os despu\u00e9s, un feminicida fue sentenciado a 66 a\u00f1os de prisi\u00f3n y adem\u00e1s le aplicaron una multa cercana al medio mill\u00f3n de pesos.<\/p>\n\n\n\n<p>Fue el 11 de agosto de 2018 en que Reuel R. A. dispar\u00f3 su escopeta en contra de su mujer, Camelia M. C., de 34 a\u00f1os de edad, tras lo cual huy\u00f3 y luego se intent\u00f3 suicidar.<\/p>\n\n\n\n<p>De acuerdo con la Fiscal\u00eda General del Estado de Oaxaca, este jueves obtuvo sentencia condenatoria de m\u00e1s de 66 a\u00f1os de prisi\u00f3n contra el masculino por el delito de feminicidio en agravio de Camelia, cometido en agosto de 2018, en jurisdicci\u00f3n de San Juan Cotzoc\u00f3n, Mixe.<\/p>\n\n\n\n<p>De acuerdo con la causa penal 337\/20218, el 11 de agosto de ese a\u00f1o, la v\u00edctima se encontraba en su domicilio particular ubicado en inmediaciones de la localidad de Jaltepec de Candayoc, perteneciente al referido municipio, cuando fue atacada por el imputado con un arma de fuego (escopeta), priv\u00e1ndola de la vida.<\/p>\n\n\n\n<p>Despu\u00e9s de realizar las diligencias por parte de la Fiscal\u00eda General, a trav\u00e9s de investigaci\u00f3n de campo, entrevistas y dict\u00e1menes desarrollados por un equipo multidisciplinario, se obtuvieron las pruebas que permitieron esclarecer los hechos y acreditar la responsabilidad del imputado, quien fue puesto a disposici\u00f3n de la autoridad judicial.<\/p>\n\n\n\n<p>En audiencia, el Tribunal de Enjuiciamiento dict\u00f3 sentencia condenatoria contra R. R. A., imponi\u00e9ndole la pena de 66 a\u00f1os y ocho meses de prisi\u00f3n, as\u00ed como una multa y reparaci\u00f3n del da\u00f1o por un monto superior a los 483 mil pesos.<\/p>\n","protected":false},"excerpt":{"rendered":"<p>Redacci\u00f3n\/Zona Roja. Oaxaca de Ju\u00e1rez, Oax., 9 de abril de 2021.- Casi cinco a\u00f1os despu\u00e9s,&hellip;<\/p>\n","protected":false},"author":2,"featured_media":7280,"comment_status":"closed","ping_status":"open","sticky":false,"template":"","format":"standard","meta":{"_lmt_disableupdate":"","_lmt_disable":"","_jetpack_memberships_contains_paid_content":false,"footnotes":""},"categories":[109,47],"tags":[1573],"class_list":["post-25736","post","type-post","status-publish","format-standard","has-post-thumbnail","hentry","category-minuto-a-minuto","category-zona-gris","tag-jaltepec-de-candayoc"],"jetpack_featured_media_url":"https:\/\/zonaroja.com.mx\/wp-content\/uploads\/2020\/01\/prisi\u00f3n.jpg","jetpack_sharing_enabled":true,"_links":{"self":[{"href":"https:\/\/zonaroja.com.mx\/index.php?rest_route=\/wp\/v2\/posts\/25736","targetHints":{"allow":["GET"]}}],"collection":[{"href":"https:\/\/zonaroja.com.mx\/index.php?rest_route=\/wp\/v2\/posts"}],"about":[{"href":"https:\/\/zonaroja.com.mx\/index.php?rest_route=\/wp\/v2\/types\/post"}],"author":[{"embeddable":true,"href":"https:\/\/zonaroja.com.mx\/index.php?rest_route=\/wp\/v2\/users\/2"}],"replies":[{"embeddable":true,"href":"https:\/\/zonaroja.com.mx\/index.php?rest_route=%2Fwp%2Fv2%2Fcomments&post=25736"}],"version-history":[{"count":1,"href":"https:\/\/zonaroja.com.mx\/index.php?rest_route=\/wp\/v2\/posts\/25736\/revisions"}],"predecessor-version":[{"id":25737,"href":"https:\/\/zonaroja.com.mx\/index.php?rest_route=\/wp\/v2\/posts\/25736\/revisions\/25737"}],"wp:featuredmedia":[{"embeddable":true,"href":"https:\/\/zonaroja.com.mx\/index.php?rest_route=\/wp\/v2\/media\/7280"}],"wp:attachment":[{"href":"https:\/\/zonaroja.com.mx\/index.php?rest_route=%2Fwp%2Fv2%2Fmedia&parent=25736"}],"wp:term":[{"taxonomy":"category","embeddable":true,"href":"https:\/\/zonaroja.com.mx\/index.php?rest_route=%2Fwp%2Fv2%2Fcategories&post=25736"},{"taxonomy":"post_tag","embeddable":true,"href":"https:\/\/zonaroja.com.mx\/index.php?rest_route=%2Fwp%2Fv2%2Ftags&post=25736"}],"curies":[{"name":"wp","href":"https:\/\/api.w.org\/{rel}","templated":true}]}}