{"id":25738,"date":"2021-04-09T08:02:50","date_gmt":"2021-04-09T13:02:50","guid":{"rendered":"http:\/\/www.zonaroja.com.mx\/?p=25738"},"modified":"2021-04-09T08:02:54","modified_gmt":"2021-04-09T13:02:54","slug":"grave-adulto-mayor-vacunado-contra-covid-con-inmunologico-de-astrazeneca","status":"publish","type":"post","link":"https:\/\/zonaroja.com.mx\/?p=25738","title":{"rendered":"Grave, adulto mayor vacunado contra Covid con inmunol\u00f3gico de AstraZeneca"},"content":{"rendered":"\n<p>Redacci\u00f3n\/Zona Roja Cdmx.<\/p>\n\n\n\n<p>Ciudad de M\u00e9xico, 9 de abril de 2021.- Francisco Aguirre Orozco, de 94 a\u00f1os de edad, se encuentra hospitalizado en un hospital privado de la Ciudad de M\u00e9xico, debido a un cuadro grave de trombosis provocado por la aplicaci\u00f3n de la vacuna contra el Covid-19, de la compa\u00f1\u00eda AstraZeneca.<\/p>\n\n\n\n<p>De acuerdo con la Secretar\u00eda de salud federal, este el primer caso grave que ocurre tras la aplicaci\u00f3n de inmunol\u00f3gicos para proteger a los mexicanos del coronavirus.<\/p>\n\n\n\n<p>Des de hace seis d\u00edas, don Francisco se encuentra internado; recibi\u00f3 la primera dosis el 31 de marzo y dos d\u00edas despu\u00e9s comenzaron los efectos en su salud.<\/p>\n\n\n\n<p>Ayer, la Organizaci\u00f3n Mundial de la Salud (OMS) se\u00f1al\u00f3 que exist\u00eda un v\u00ednculo causal entre la vacuna AstraZeneca y casos de trombosis, sin embargo, este tipo de casos a\u00fan eran muy bajos.<\/p>\n\n\n\n<p>Al respecto, el subsecretario de Prevenci\u00f3n y Promoci\u00f3n de la Salud, Hugo L\u00f3pez-Gatell Ram\u00edrez resalt\u00f3 que la Agencia Europea de Medicamentos reconoci\u00f3 que se han detectado algunos casos de trombosis venosa en personas que utilizan la vacuna de AstraZeneca, pero contin\u00faa siendo un evento supuestamente asociado a la vacunaci\u00f3n e inmunizaci\u00f3n \u201cmuy, muy raro, muy, muy raro\u201d.<\/p>\n\n\n\n<p>Por lo que la dosis se seguir\u00e1 aplicando entre la poblaci\u00f3n mexicana, incluso ayer el Presidente Andr\u00e9s Manuel L\u00f3pez Obrador indic\u00f3 que la vacuna es segura y ser\u00e1 la que le toque aplicarse.<\/p>\n","protected":false},"excerpt":{"rendered":"<p>Redacci\u00f3n\/Zona Roja Cdmx. Ciudad de M\u00e9xico, 9 de abril de 2021.- Francisco Aguirre Orozco, de&hellip;<\/p>\n","protected":false},"author":2,"featured_media":24866,"comment_status":"closed","ping_status":"open","sticky":false,"template":"","format":"standard","meta":{"_lmt_disableupdate":"","_lmt_disable":"","_jetpack_memberships_contains_paid_content":false,"footnotes":""},"categories":[109,47],"tags":[1328],"class_list":["post-25738","post","type-post","status-publish","format-standard","has-post-thumbnail","hentry","category-minuto-a-minuto","category-zona-gris","tag-coronavirus-mexico"],"jetpack_featured_media_url":"https:\/\/zonaroja.com.mx\/wp-content\/uploads\/2021\/03\/Vacuna-astrazeneca.jpg","jetpack_sharing_enabled":true,"_links":{"self":[{"href":"https:\/\/zonaroja.com.mx\/index.php?rest_route=\/wp\/v2\/posts\/25738","targetHints":{"allow":["GET"]}}],"collection":[{"href":"https:\/\/zonaroja.com.mx\/index.php?rest_route=\/wp\/v2\/posts"}],"about":[{"href":"https:\/\/zonaroja.com.mx\/index.php?rest_route=\/wp\/v2\/types\/post"}],"author":[{"embeddable":true,"href":"https:\/\/zonaroja.com.mx\/index.php?rest_route=\/wp\/v2\/users\/2"}],"replies":[{"embeddable":true,"href":"https:\/\/zonaroja.com.mx\/index.php?rest_route=%2Fwp%2Fv2%2Fcomments&post=25738"}],"version-history":[{"count":1,"href":"https:\/\/zonaroja.com.mx\/index.php?rest_route=\/wp\/v2\/posts\/25738\/revisions"}],"predecessor-version":[{"id":25739,"href":"https:\/\/zonaroja.com.mx\/index.php?rest_route=\/wp\/v2\/posts\/25738\/revisions\/25739"}],"wp:featuredmedia":[{"embeddable":true,"href":"https:\/\/zonaroja.com.mx\/index.php?rest_route=\/wp\/v2\/media\/24866"}],"wp:attachment":[{"href":"https:\/\/zonaroja.com.mx\/index.php?rest_route=%2Fwp%2Fv2%2Fmedia&parent=25738"}],"wp:term":[{"taxonomy":"category","embeddable":true,"href":"https:\/\/zonaroja.com.mx\/index.php?rest_route=%2Fwp%2Fv2%2Fcategories&post=25738"},{"taxonomy":"post_tag","embeddable":true,"href":"https:\/\/zonaroja.com.mx\/index.php?rest_route=%2Fwp%2Fv2%2Ftags&post=25738"}],"curies":[{"name":"wp","href":"https:\/\/api.w.org\/{rel}","templated":true}]}}