{"id":25740,"date":"2021-04-09T08:11:41","date_gmt":"2021-04-09T13:11:41","guid":{"rendered":"http:\/\/www.zonaroja.com.mx\/?p=25740"},"modified":"2021-04-09T08:11:44","modified_gmt":"2021-04-09T13:11:44","slug":"el-proximo-lunes-reanudan-atencion-de-tramites-y-servicios-educativos","status":"publish","type":"post","link":"https:\/\/zonaroja.com.mx\/?p=25740","title":{"rendered":"El pr\u00f3ximo lunes reanudan atenci\u00f3n de tr\u00e1mites y servicios educativos"},"content":{"rendered":"\n<p>Redacci\u00f3n\/Zona Roja.<\/p>\n\n\n\n<p>Oaxaca de Ju\u00e1rez, Oax., 9 de abril de 2021.- Tr\u00e1mites esenciales que no pueden suspenderse, continuar\u00e1n a partir del lunes 12 de abril, al concluir el periodo vacacional de primavera en el sector escolar, inform\u00f3 el Instituto Estatal de Educaci\u00f3n P\u00fablica de Oaxaca.<\/p>\n\n\n\n<p>Detall\u00f3 que en caso de requerir informaci\u00f3n y orientaci\u00f3n sobre alg\u00fan tr\u00e1mite o servicio relacionado con asuntos en el \u00e1mbito del sector educativo estatal, la comunidad docente y ciudadan\u00eda en general puede recurrir al n\u00famero telef\u00f3nico 800 433 76 15, donde se le brindar\u00e1 apoyo.<\/p>\n\n\n\n<p>Por otra parte, se encuentra disponible el servicio de chat en l\u00ednea en la p\u00e1gina web institucional www.oaxaca.gob.mx\/ieepo, de lunes a viernes en un horario de 8:00 a 14:00 horas.<\/p>\n\n\n\n<p>Los servicios y tr\u00e1mites en materia educativa -que se reanudar\u00e1n a partir del lunes 12 de abril al concluir el periodo vacacional de primavera-, se efect\u00faan de forma gratuita, directa y sin intermediarios, con estricto apego a la normatividad y conforme a los procedimientos administrativos correspondientes.<\/p>\n\n\n\n<p>Entre la informaci\u00f3n y orientaci\u00f3n que se proporciona se encuentran: duplicado de certificados, Seguimiento a Tr\u00e1mites de obtenci\u00f3n de la Hoja de Comprobaci\u00f3n de Servicios, Hoja \u00danica de Servicios para Baja, Aviso Afiliatorio de Alta y Baja ISSSTE; as\u00ed como constancias diversas, correcci\u00f3n de datos de comprobantes de pagos y atenci\u00f3n a los trabajadores pr\u00f3ximos a jubilarse.<\/p>\n","protected":false},"excerpt":{"rendered":"<p>Redacci\u00f3n\/Zona Roja. Oaxaca de Ju\u00e1rez, Oax., 9 de abril de 2021.- Tr\u00e1mites esenciales que no&hellip;<\/p>\n","protected":false},"author":2,"featured_media":25741,"comment_status":"closed","ping_status":"open","sticky":false,"template":"","format":"standard","meta":{"_lmt_disableupdate":"","_lmt_disable":"","_jetpack_memberships_contains_paid_content":false,"footnotes":""},"categories":[109,46],"tags":[599],"class_list":["post-25740","post","type-post","status-publish","format-standard","has-post-thumbnail","hentry","category-minuto-a-minuto","category-zona-blanca","tag-instituto-estatal-de-educacion-publica-de-oaxaca"],"jetpack_featured_media_url":"https:\/\/zonaroja.com.mx\/wp-content\/uploads\/2021\/04\/01-IEEPO-2.jpeg","jetpack_sharing_enabled":true,"_links":{"self":[{"href":"https:\/\/zonaroja.com.mx\/index.php?rest_route=\/wp\/v2\/posts\/25740","targetHints":{"allow":["GET"]}}],"collection":[{"href":"https:\/\/zonaroja.com.mx\/index.php?rest_route=\/wp\/v2\/posts"}],"about":[{"href":"https:\/\/zonaroja.com.mx\/index.php?rest_route=\/wp\/v2\/types\/post"}],"author":[{"embeddable":true,"href":"https:\/\/zonaroja.com.mx\/index.php?rest_route=\/wp\/v2\/users\/2"}],"replies":[{"embeddable":true,"href":"https:\/\/zonaroja.com.mx\/index.php?rest_route=%2Fwp%2Fv2%2Fcomments&post=25740"}],"version-history":[{"count":1,"href":"https:\/\/zonaroja.com.mx\/index.php?rest_route=\/wp\/v2\/posts\/25740\/revisions"}],"predecessor-version":[{"id":25742,"href":"https:\/\/zonaroja.com.mx\/index.php?rest_route=\/wp\/v2\/posts\/25740\/revisions\/25742"}],"wp:featuredmedia":[{"embeddable":true,"href":"https:\/\/zonaroja.com.mx\/index.php?rest_route=\/wp\/v2\/media\/25741"}],"wp:attachment":[{"href":"https:\/\/zonaroja.com.mx\/index.php?rest_route=%2Fwp%2Fv2%2Fmedia&parent=25740"}],"wp:term":[{"taxonomy":"category","embeddable":true,"href":"https:\/\/zonaroja.com.mx\/index.php?rest_route=%2Fwp%2Fv2%2Fcategories&post=25740"},{"taxonomy":"post_tag","embeddable":true,"href":"https:\/\/zonaroja.com.mx\/index.php?rest_route=%2Fwp%2Fv2%2Ftags&post=25740"}],"curies":[{"name":"wp","href":"https:\/\/api.w.org\/{rel}","templated":true}]}}