{"id":25743,"date":"2021-04-09T08:27:34","date_gmt":"2021-04-09T13:27:34","guid":{"rendered":"http:\/\/www.zonaroja.com.mx\/?p=25743"},"modified":"2021-04-09T08:27:37","modified_gmt":"2021-04-09T13:27:37","slug":"no-cesan-las-pifias-en-la-fiscalia-sale-libre-presunto-homicida","status":"publish","type":"post","link":"https:\/\/zonaroja.com.mx\/?p=25743","title":{"rendered":"No cesan las pifias en la Fiscal\u00eda: sale libre presunto homicida"},"content":{"rendered":"\n<p>Redacci\u00f3n\/Zona Roja.<\/p>\n\n\n\n<p>Oaxaca de Ju\u00e1rez, Oax., 9 de abril de 2021.- Debido a m\u00faltiples errores en las indagatorias por parte de elementos de la Agencia Estatal de Investigaciones (AEI), de la Fiscal\u00eda General del Estado de Oaxaca, un presunto homicida fue liberado por falta de pruebas.<\/p>\n\n\n\n<p>Se trata de Pablo M. C., quien fue aprehendido como responsable del asesinato de Rufino H. M., ex integrante del Frente Popular \u201c14 de Junio\u201d, el 10 de agosto de 2017, en las riberas del r\u00edo \u201cAtoyac\u201d, en la jurisdicci\u00f3n de Santa Cruz Xoxocotl\u00e1n.<\/p>\n\n\n\n<p>Esta semana se llev\u00f3 a cabo el juicio en el Juzgado de Control de Tanivet, Tlacolula, y el Tribunal de Enjuiciamiento determin\u00f3 que no se acreditaron las pruebas.<\/p>\n\n\n\n<p>Durante el juicio de la causa penal 359\/2018, qued\u00f3 evidenciado la falta de pruebas y una deficiente investigaci\u00f3n por parte de los elementos de la Agencia Estatal de Investigaciones y los peritos al realizar sus dict\u00e1menes sin verificar sus datos.<\/p>\n\n\n\n<p>Los elementos de la AEI asignados al caso del ahora extinto, mintieron de su supuesta b\u00fasqueda y el perito que realiz\u00f3 el an\u00e1lisis de cruces de llamadas no dijo ni de quien era el n\u00famero telef\u00f3nico.<\/p>\n\n\n\n<p>Fue el 10 de agosto de 2017 en que fue localizado un cuerpo sin vida y decapitado, en el afluente del r\u00edo \u201cAtoyac\u201d; al d\u00eda siguiente fue hallada la cabeza. En ese entonces, el cuerpo fue identificado por la profesora Ivar G. M.<\/p>\n\n\n\n<p>La causa de la muerte fue por heridas ocasionadas por arma blanca en el abdomen.<\/p>\n\n\n\n<p>El martes 14 de agosto del 2018 fue detenido el presunto responsable, Pablo M.C., al ser se\u00f1alado como el presunto responsable del crimen y permaneci\u00f3 m\u00e1s de dos a\u00f1os en prisi\u00f3n, hasta que fue liberado durante el juicio, al ser insuficientes las pruebas en su contra.<\/p>\n","protected":false},"excerpt":{"rendered":"<p>Redacci\u00f3n\/Zona Roja. Oaxaca de Ju\u00e1rez, Oax., 9 de abril de 2021.- Debido a m\u00faltiples errores&hellip;<\/p>\n","protected":false},"author":2,"featured_media":25744,"comment_status":"closed","ping_status":"open","sticky":false,"template":"","format":"standard","meta":{"_lmt_disableupdate":"","_lmt_disable":"","_jetpack_memberships_contains_paid_content":false,"footnotes":""},"categories":[109,47],"tags":[494],"class_list":["post-25743","post","type-post","status-publish","format-standard","has-post-thumbnail","hentry","category-minuto-a-minuto","category-zona-gris","tag-fiscalia-general-del-estado-de-oaxaca"],"jetpack_featured_media_url":"https:\/\/zonaroja.com.mx\/wp-content\/uploads\/2021\/04\/Presunto-asesino-liberado-Pablo-M.-C..jpg","jetpack_sharing_enabled":true,"_links":{"self":[{"href":"https:\/\/zonaroja.com.mx\/index.php?rest_route=\/wp\/v2\/posts\/25743","targetHints":{"allow":["GET"]}}],"collection":[{"href":"https:\/\/zonaroja.com.mx\/index.php?rest_route=\/wp\/v2\/posts"}],"about":[{"href":"https:\/\/zonaroja.com.mx\/index.php?rest_route=\/wp\/v2\/types\/post"}],"author":[{"embeddable":true,"href":"https:\/\/zonaroja.com.mx\/index.php?rest_route=\/wp\/v2\/users\/2"}],"replies":[{"embeddable":true,"href":"https:\/\/zonaroja.com.mx\/index.php?rest_route=%2Fwp%2Fv2%2Fcomments&post=25743"}],"version-history":[{"count":1,"href":"https:\/\/zonaroja.com.mx\/index.php?rest_route=\/wp\/v2\/posts\/25743\/revisions"}],"predecessor-version":[{"id":25745,"href":"https:\/\/zonaroja.com.mx\/index.php?rest_route=\/wp\/v2\/posts\/25743\/revisions\/25745"}],"wp:featuredmedia":[{"embeddable":true,"href":"https:\/\/zonaroja.com.mx\/index.php?rest_route=\/wp\/v2\/media\/25744"}],"wp:attachment":[{"href":"https:\/\/zonaroja.com.mx\/index.php?rest_route=%2Fwp%2Fv2%2Fmedia&parent=25743"}],"wp:term":[{"taxonomy":"category","embeddable":true,"href":"https:\/\/zonaroja.com.mx\/index.php?rest_route=%2Fwp%2Fv2%2Fcategories&post=25743"},{"taxonomy":"post_tag","embeddable":true,"href":"https:\/\/zonaroja.com.mx\/index.php?rest_route=%2Fwp%2Fv2%2Ftags&post=25743"}],"curies":[{"name":"wp","href":"https:\/\/api.w.org\/{rel}","templated":true}]}}