{"id":25746,"date":"2021-04-09T08:46:32","date_gmt":"2021-04-09T13:46:32","guid":{"rendered":"http:\/\/www.zonaroja.com.mx\/?p=25746"},"modified":"2021-04-09T08:46:35","modified_gmt":"2021-04-09T13:46:35","slug":"y-13-dias-despues-donde-esta-claudia-uruchurtu-sin-avances-fiscalia","status":"publish","type":"post","link":"https:\/\/zonaroja.com.mx\/?p=25746","title":{"rendered":"Y 13 d\u00edas despu\u00e9s, \u00bfd\u00f3nde est\u00e1 Claudia Uruchurtu? Sin avances, Fiscal\u00eda"},"content":{"rendered":"\n<p>Evlin Arag\u00f3n\/Zona Roja.<\/p>\n\n\n\n<p>Oaxaca de Ju\u00e1rez, Oax., 9 de abril de 2021.- Trece d\u00edas despu\u00e9s de su desaparici\u00f3n, nadie sabe nada del paradero de Claudia Uruchurtu Cruz, quien fue vista la \u00faltima vez la noche del 26 de marzo de este a\u00f1o en Asunci\u00f3n Nochixtl\u00e1n.<\/p>\n\n\n\n<p>Sin embargo, hasta el momento, la Fiscal\u00eda General del Estado de Oaxaca no tiene mayor informaci\u00f3n y s\u00f3lo dio a conocer que el 3 y 4 de abril, una semana despu\u00e9s, realiz\u00f3 b\u00fasquedas de la mujer con nacionalidad mexicana y brit\u00e1nica, sin \u00e9xito alguno.<\/p>\n\n\n\n<p>CLAMAN APOYO<\/p>\n\n\n\n<p>La abogada y activista por los derechos de las mujeres, Flora Guti\u00e9rrez, describi\u00f3 a Claudia como una de las pocas ciudadanas que se preocupa por su comunidad, ante el presunto desfalco y la corrupci\u00f3n de la actual presidenta municipal Lizbeth Victoria Huerta.<\/p>\n\n\n\n<p>Record\u00f3 que fue la propia Claudia quien acudi\u00f3 ante las instancias legales, solicit\u00f3 una auditor\u00eda excepcional en el a\u00f1o 2019 ante el \u00d3rgano Superior de Fiscalizaci\u00f3n del Estado de Oaxaca; present\u00f3 denuncia ante la Fiscal\u00eda Especializada de Combate a la Corrupci\u00f3n de Oaxaca, e inici\u00f3 quejas en la Defensor\u00eda de los Derecho Humanos del Pueblo de Oaxaca.&nbsp;<\/p>\n\n\n\n<p>Todo lo anterior dijo por la v\u00eda legal y dando pie a que, con dicha informaci\u00f3n, se realizaran reportajes en torno a la corrupci\u00f3n vinculada a la actual administraci\u00f3n municipal.&nbsp;<\/p>\n\n\n\n<p>\u201cElla no ten\u00eda problemas con nadie, era inc\u00f3moda porque sin miedo se\u00f1alaba a la actual presidenta municipal\u201d, refiri\u00f3 en sus redes sociales.&nbsp;<\/p>\n\n\n\n<p>Critic\u00f3 la aspiraci\u00f3n de la actual presidenta de repetir en el cargo, respaldada por el Partido Morena, pese a los se\u00f1alamientos de corrupci\u00f3n en su contra, que ahora adem\u00e1s la vinculan con la desaparici\u00f3n de una activista.&nbsp;<\/p>\n\n\n\n<p>EXIGEN B\u00daSQUEDA<\/p>\n\n\n\n<p>Integrantes del Frente de Resistencia Juxtlahuaca se unieron a la exigencia de aparici\u00f3n con vida de Claudia Uruchurtu, activista desaparecida desde el pasado 26 de marzo, luego de participar en una protesta en contra de la edil de Asunci\u00f3n Nochixtl\u00e1n, Lizbeth Victoria Huerta.<\/p>\n\n\n\n<p>Lo anterior, solo unos d\u00edas despu\u00e9s que las hermanas de Claudia denunciaran la dilaci\u00f3n por parte de las autoridades de procuraci\u00f3n de justicia en cuanto a la integraci\u00f3n de la carpeta de investigaci\u00f3n y la b\u00fasqueda inmediata para dar con su paradero.&nbsp;<\/p>\n\n\n\n<p>Por lo anterior y a trav\u00e9s de un comunicado solicitaron la intervenci\u00f3n del Presidente de la Rep\u00fablica, Andr\u00e9s Manuel L\u00f3pez Obrador, y del gobernador de Oaxaca, Alejandro Murat Hinojosa, para localizar a la mujer de nacionalidad mexicana y brit\u00e1nica.<\/p>\n\n\n\n<p>Explicaron que existen datos contundentes que dan cuenta del momento en el que una mujer con las caracter\u00edsticas de Claudia fue forzada a subir a un veh\u00edculo color rojo, en calles c\u00e9ntricas del municipio, de ah\u00ed que se advierte su desaparici\u00f3n forzada.&nbsp;&nbsp;<\/p>\n\n\n\n<p>Hasta este momento y a 14 d\u00edas de la desaparici\u00f3n de Claudia, nada se sabe de su paradero, mientras la Fiscal\u00eda General del Estado de Oaxaca dio a conocer que el delito se indaga como una desaparici\u00f3n cometida entre particulares, en la que se descarta la participaci\u00f3n de alg\u00fan servidor p\u00fablico, pese a las declaraciones realizadas por sus familiares.&nbsp;<\/p>\n","protected":false},"excerpt":{"rendered":"<p>Evlin Arag\u00f3n\/Zona Roja. Oaxaca de Ju\u00e1rez, Oax., 9 de abril de 2021.- Trece d\u00edas despu\u00e9s&hellip;<\/p>\n","protected":false},"author":2,"featured_media":25718,"comment_status":"closed","ping_status":"open","sticky":false,"template":"","format":"standard","meta":{"_lmt_disableupdate":"","_lmt_disable":"","_jetpack_memberships_contains_paid_content":false,"footnotes":""},"categories":[109,47],"tags":[2582],"class_list":["post-25746","post","type-post","status-publish","format-standard","has-post-thumbnail","hentry","category-minuto-a-minuto","category-zona-gris","tag-claudia-uruchurtu-cruz"],"jetpack_featured_media_url":"https:\/\/zonaroja.com.mx\/wp-content\/uploads\/2021\/04\/Claudia-Uruchurtu2.jpg","jetpack_sharing_enabled":true,"_links":{"self":[{"href":"https:\/\/zonaroja.com.mx\/index.php?rest_route=\/wp\/v2\/posts\/25746","targetHints":{"allow":["GET"]}}],"collection":[{"href":"https:\/\/zonaroja.com.mx\/index.php?rest_route=\/wp\/v2\/posts"}],"about":[{"href":"https:\/\/zonaroja.com.mx\/index.php?rest_route=\/wp\/v2\/types\/post"}],"author":[{"embeddable":true,"href":"https:\/\/zonaroja.com.mx\/index.php?rest_route=\/wp\/v2\/users\/2"}],"replies":[{"embeddable":true,"href":"https:\/\/zonaroja.com.mx\/index.php?rest_route=%2Fwp%2Fv2%2Fcomments&post=25746"}],"version-history":[{"count":1,"href":"https:\/\/zonaroja.com.mx\/index.php?rest_route=\/wp\/v2\/posts\/25746\/revisions"}],"predecessor-version":[{"id":25747,"href":"https:\/\/zonaroja.com.mx\/index.php?rest_route=\/wp\/v2\/posts\/25746\/revisions\/25747"}],"wp:featuredmedia":[{"embeddable":true,"href":"https:\/\/zonaroja.com.mx\/index.php?rest_route=\/wp\/v2\/media\/25718"}],"wp:attachment":[{"href":"https:\/\/zonaroja.com.mx\/index.php?rest_route=%2Fwp%2Fv2%2Fmedia&parent=25746"}],"wp:term":[{"taxonomy":"category","embeddable":true,"href":"https:\/\/zonaroja.com.mx\/index.php?rest_route=%2Fwp%2Fv2%2Fcategories&post=25746"},{"taxonomy":"post_tag","embeddable":true,"href":"https:\/\/zonaroja.com.mx\/index.php?rest_route=%2Fwp%2Fv2%2Ftags&post=25746"}],"curies":[{"name":"wp","href":"https:\/\/api.w.org\/{rel}","templated":true}]}}