{"id":25748,"date":"2021-04-09T08:57:40","date_gmt":"2021-04-09T13:57:40","guid":{"rendered":"http:\/\/www.zonaroja.com.mx\/?p=25748"},"modified":"2021-04-09T08:57:44","modified_gmt":"2021-04-09T13:57:44","slug":"violan-a-mujer-y-la-revictimizan-en-la-fiscalia-de-la-mujer-de-tlaxiaco","status":"publish","type":"post","link":"https:\/\/zonaroja.com.mx\/?p=25748","title":{"rendered":"Violan a mujer y la revictimizan en la Fiscal\u00eda de la Mujer de Tlaxiaco"},"content":{"rendered":"\n<p>Evlin Arag\u00f3n\/Zona Roja.<\/p>\n\n\n\n<p>Oaxaca de Ju\u00e1rez, Oax., 9 de abril de 2021.- Una mujer, que fue atacada sexualmente por dos j\u00f3venes en la regi\u00f3n de la Mixteca de Oaxaca, denunci\u00f3 que, independientemente de la agresi\u00f3n, fue revictimizada por las autoridades de procuraci\u00f3n de justicia en el municipio de Tlaxiaco, hasta donde acudi\u00f3 para denunciar los hechos.&nbsp;<\/p>\n\n\n\n<p>As\u00ed lo expres\u00f3 de viva voz en un trabajo period\u00edstico de Ren\u00e9 L\u00f3pez para la \u201cM\u00e1xima Tlaxiaco\u201d, estaci\u00f3n de radio local, en donde indic\u00f3 que pese a recorrer ocho horas de camino, toda vez que vive en una rancher\u00eda alejada, las autoridades se negaron a levantar la respectiva denuncia.&nbsp;<\/p>\n\n\n\n<p>Y es que la mujer, afectada f\u00edsica y emocionalmente por la agresi\u00f3n, no acept\u00f3 realizarse el estudio m\u00e9dico solicitado por la instancia, de ah\u00ed que las autoridades le recriminaron el hecho y la responsabilizaron de no estar en plena disposici\u00f3n de proceder legalmente.&nbsp;<\/p>\n\n\n\n<p>\u201cMe violaron y casi me matan, pero no es suficiente para las autoridades. No me quieren tomar la declaraci\u00f3n y levantar la denuncia para realizar una investigaci\u00f3n que permita la sanci\u00f3n de los responsables\u201d, dijo con la voz entrecortada.<\/p>\n\n\n\n<p>La mujer relat\u00f3 que fue el d\u00eda 4 de abril cuando dos j\u00f3venes, ajenos a su comunidad, los que aprovech\u00e1ndose de la oscuridad la violentaron sexualmente y al ser descubiertos la lanzaron al barranco, acci\u00f3n que estuvo a punto de quitarle la vida, sin embargo, la pronta intervenci\u00f3n de su familia la salvo.&nbsp;<\/p>\n\n\n\n<p>De igual forma, fueron sus hermanos y cu\u00f1ados los que capturaron a los agresores y juntos se trasladaron a la Heroica Ciudad de Tlaxiaco para presentarlos ante las autoridades y evitar que se dieran a la fuga sin pagar por el delito cometido.&nbsp;<\/p>\n\n\n\n<p>Acudieron de primera cuenta al municipio de San Andr\u00e9s Cabecera Nueva para dar parte a la autoridad, ah\u00ed la remitieron a Tlaxiaco, de manera espec\u00edfica a la Fiscal\u00eda Regional Especializada en Delitos contra la Mujer, donde lejos de hacerla sentir acompa\u00f1ada, fue maltratada psicol\u00f3gica y emocionalmente.&nbsp;<\/p>\n\n\n\n<p>Y es que el relato de la mujer y la presencia de testigos no fue suficiente, las autoridades le ped\u00edan pruebas a pesar de llevar varias marcas en el cuerpo e insist\u00edan en el estudio m\u00e9dico como requisito indispensable para levantar la denuncia.<\/p>\n\n\n\n<p>\u201cYo no me quiero hacer el estudio m\u00e9dico porque me siento muy mal y que quieran hacerlo en contra de mi voluntad no es correcto. Yo soy la v\u00edctima y pareciera que yo soy la agresora\u201d, dijo.<\/p>\n\n\n\n<p>Adem\u00e1s, la captura de los agresores por parte de la familia fue vista como un delito por parte de las autoridades, aunque de no hacerlo se hubieran dado a la fuga sin ninguna consecuencia a la agresi\u00f3n efectuada.&nbsp;<\/p>\n\n\n\n<p>Al borde del llanto, confirm\u00f3 que la impunidad es una constante en este tipo de agresiones, facilitando que los agresores sigan lastimando a otras mujeres, ni\u00f1a y ni\u00f1os, quienes son m\u00e1s vulnerables a los ataques sexuales.&nbsp;<\/p>\n\n\n\n<p>\u201cSi no se hace nada lo seguir\u00e1n haciendo. En las comunidades nos acostumbramos y las autoridades se hacen de la vista gorda porque no se quieren echar un paquete tan grande\u201d.<\/p>\n\n\n\n<p>Finalmente, y aunque agradeci\u00f3 estar con vida, lament\u00f3 que su testimonio no sea suficiente para las autoridades, para quienes dijo el caso se equipara incluso a un feminicidio donde no hay pruebas \u201csuficientes\u201d que puedan incriminar a los agresores para ser sancionados.&nbsp;<\/p>\n","protected":false},"excerpt":{"rendered":"<p>Evlin Arag\u00f3n\/Zona Roja. Oaxaca de Ju\u00e1rez, Oax., 9 de abril de 2021.- Una mujer, que&hellip;<\/p>\n","protected":false},"author":2,"featured_media":6012,"comment_status":"closed","ping_status":"open","sticky":false,"template":"","format":"standard","meta":{"_lmt_disableupdate":"","_lmt_disable":"","_jetpack_memberships_contains_paid_content":false,"footnotes":""},"categories":[109,47],"tags":[494],"class_list":["post-25748","post","type-post","status-publish","format-standard","has-post-thumbnail","hentry","category-minuto-a-minuto","category-zona-gris","tag-fiscalia-general-del-estado-de-oaxaca"],"jetpack_featured_media_url":"https:\/\/zonaroja.com.mx\/wp-content\/uploads\/2019\/11\/Violencia-de-G\u00e9nero-3.png","jetpack_sharing_enabled":true,"_links":{"self":[{"href":"https:\/\/zonaroja.com.mx\/index.php?rest_route=\/wp\/v2\/posts\/25748","targetHints":{"allow":["GET"]}}],"collection":[{"href":"https:\/\/zonaroja.com.mx\/index.php?rest_route=\/wp\/v2\/posts"}],"about":[{"href":"https:\/\/zonaroja.com.mx\/index.php?rest_route=\/wp\/v2\/types\/post"}],"author":[{"embeddable":true,"href":"https:\/\/zonaroja.com.mx\/index.php?rest_route=\/wp\/v2\/users\/2"}],"replies":[{"embeddable":true,"href":"https:\/\/zonaroja.com.mx\/index.php?rest_route=%2Fwp%2Fv2%2Fcomments&post=25748"}],"version-history":[{"count":1,"href":"https:\/\/zonaroja.com.mx\/index.php?rest_route=\/wp\/v2\/posts\/25748\/revisions"}],"predecessor-version":[{"id":25749,"href":"https:\/\/zonaroja.com.mx\/index.php?rest_route=\/wp\/v2\/posts\/25748\/revisions\/25749"}],"wp:featuredmedia":[{"embeddable":true,"href":"https:\/\/zonaroja.com.mx\/index.php?rest_route=\/wp\/v2\/media\/6012"}],"wp:attachment":[{"href":"https:\/\/zonaroja.com.mx\/index.php?rest_route=%2Fwp%2Fv2%2Fmedia&parent=25748"}],"wp:term":[{"taxonomy":"category","embeddable":true,"href":"https:\/\/zonaroja.com.mx\/index.php?rest_route=%2Fwp%2Fv2%2Fcategories&post=25748"},{"taxonomy":"post_tag","embeddable":true,"href":"https:\/\/zonaroja.com.mx\/index.php?rest_route=%2Fwp%2Fv2%2Ftags&post=25748"}],"curies":[{"name":"wp","href":"https:\/\/api.w.org\/{rel}","templated":true}]}}