{"id":25750,"date":"2021-04-09T16:08:26","date_gmt":"2021-04-09T21:08:26","guid":{"rendered":"https:\/\/www.zonaroja.com.mx\/?p=25750"},"modified":"2021-04-09T16:12:22","modified_gmt":"2021-04-09T21:12:22","slug":"la-seccion-22-del-snte-rechaza-nombramiento-de-diaz-escarraga-en-sspo","status":"publish","type":"post","link":"https:\/\/zonaroja.com.mx\/?p=25750","title":{"rendered":"La Secci\u00f3n 22 del SNTE rechaza nombramiento de D\u00edaz Esc\u00e1rraga en SSPO"},"content":{"rendered":"\n<p class=\"MsoNormal\">Yuridiana Sosa\/Zona Roja.<\/p>\n\n\n\n<p class=\"MsoNormal\">Oaxaca de Ju\u00e1rez, Oax., 9 de abril de 2021.- La Secci\u00f3n 22 del Sindicato Nacional de Trabajadores de la Educaci\u00f3n (CNTE) manifest\u00f3 su rechazo a la designaci\u00f3n de Heliodoro D\u00edaz Esc\u00e1rraga como titular de la Secretar\u00eda de Seguridad P\u00fablica de Oaxaca (SSPO), la cual, dijo, es una \u201cafrenta para Oaxaca\u201d por los actos violentos del 2006.<\/p>\n\n\n\n<p class=\"MsoNormal\">El magisterio se\u00f1al\u00f3 que la figura de D\u00edaz Esc\u00e1rraga como funcionario es \u201csin\u00f3nimo de muerte, represi\u00f3n, desapariciones y persecuci\u00f3n\u201d, ante los hechos violentos contra el movimiento social de hace 15 a\u00f1os, cuando por medio de la Polic\u00eda Estatal de la SSPO se cometieron diversos actos en su contra.<\/p>\n\n\n\n<p class=\"MsoNormal\">\u201cRepudiamos y seguiremos rechazando aun cuando asuma su cargo\u201d, indic\u00f3 la gremial en un comunicado, donde insisten en justicia por las atrocidades contra el pueblo oaxaque\u00f1o en el tiempo que Heliodoro D\u00edaz fue secretario General de Gobierno en el sexenio de Ulises Ruiz.<\/p>\n\n\n\n<p class=\"MsoNormal\">\u201cLas calles, la lucha y la organizaci\u00f3n decidida de todos los sectores sabr\u00e1 dar respuesta a la acci\u00f3n err\u00f3nea de colocar a personajes que sirvieron para reprimir a los maestros, organizaciones y ciudadanos libres\u201d, sentenci\u00f3 el magisterio en Oaxaca.<\/p>\n\n\n\n<p class=\"MsoNormal\">A su vez, quienes integran el Movimiento Democr\u00e1tico de los Trabajadores de la Educaci\u00f3n de Oaxaca (MTEO) de este mismo gremio, tambi\u00e9n se pronunciaron contra la colocaci\u00f3n de funcionarios dentro del gobierno del estado para atender a los intereses \u201culisistas\u201d.<\/p>\n\n\n\n<p class=\"MsoNormal\">Con este manifiesto se suman los rechazos de D\u00edaz Esc\u00e1rraga al frente de la Secretar\u00eda de Seguridad, pues ayer lo hizo la Asamblea Popular de los Pueblos de Oaxaca (APPO) y el Frente Popular Revolucionario (FPR).<\/p>\n","protected":false},"excerpt":{"rendered":"<p>Yuridiana Sosa\/Zona Roja. Oaxaca de Ju\u00e1rez, Oax., 9 de abril de 2021.- La Secci\u00f3n 22&hellip;<\/p>\n","protected":false},"author":2,"featured_media":16582,"comment_status":"closed","ping_status":"open","sticky":false,"template":"","format":"standard","meta":{"_lmt_disableupdate":"","_lmt_disable":"","_jetpack_memberships_contains_paid_content":false,"footnotes":""},"categories":[109,47],"tags":[],"class_list":["post-25750","post","type-post","status-publish","format-standard","has-post-thumbnail","hentry","category-minuto-a-minuto","category-zona-gris"],"jetpack_featured_media_url":"https:\/\/zonaroja.com.mx\/wp-content\/uploads\/2020\/08\/CNTE-2.jpg","jetpack_sharing_enabled":true,"_links":{"self":[{"href":"https:\/\/zonaroja.com.mx\/index.php?rest_route=\/wp\/v2\/posts\/25750","targetHints":{"allow":["GET"]}}],"collection":[{"href":"https:\/\/zonaroja.com.mx\/index.php?rest_route=\/wp\/v2\/posts"}],"about":[{"href":"https:\/\/zonaroja.com.mx\/index.php?rest_route=\/wp\/v2\/types\/post"}],"author":[{"embeddable":true,"href":"https:\/\/zonaroja.com.mx\/index.php?rest_route=\/wp\/v2\/users\/2"}],"replies":[{"embeddable":true,"href":"https:\/\/zonaroja.com.mx\/index.php?rest_route=%2Fwp%2Fv2%2Fcomments&post=25750"}],"version-history":[{"count":1,"href":"https:\/\/zonaroja.com.mx\/index.php?rest_route=\/wp\/v2\/posts\/25750\/revisions"}],"predecessor-version":[{"id":25751,"href":"https:\/\/zonaroja.com.mx\/index.php?rest_route=\/wp\/v2\/posts\/25750\/revisions\/25751"}],"wp:featuredmedia":[{"embeddable":true,"href":"https:\/\/zonaroja.com.mx\/index.php?rest_route=\/wp\/v2\/media\/16582"}],"wp:attachment":[{"href":"https:\/\/zonaroja.com.mx\/index.php?rest_route=%2Fwp%2Fv2%2Fmedia&parent=25750"}],"wp:term":[{"taxonomy":"category","embeddable":true,"href":"https:\/\/zonaroja.com.mx\/index.php?rest_route=%2Fwp%2Fv2%2Fcategories&post=25750"},{"taxonomy":"post_tag","embeddable":true,"href":"https:\/\/zonaroja.com.mx\/index.php?rest_route=%2Fwp%2Fv2%2Ftags&post=25750"}],"curies":[{"name":"wp","href":"https:\/\/api.w.org\/{rel}","templated":true}]}}